{"id":921,"date":"2024-08-13T19:38:26","date_gmt":"2024-08-13T19:38:26","guid":{"rendered":"https:\/\/naturpiedra.com\/fr\/blog\/?p=921"},"modified":"2024-08-13T19:43:39","modified_gmt":"2024-08-13T19:43:39","slug":"lardoise-de-couverture-naturpiedra-des-carrieres-de-bernardos","status":"publish","type":"post","link":"https:\/\/naturpiedra.com\/fr\/blog\/lardoise-de-couverture-naturpiedra-des-carrieres-de-bernardos\/","title":{"rendered":"L&#8217;ARDOISE DE COUVERTURE NATURPIEDRA DES CARRI\u00c8RES DE BERNARDOS"},"content":{"rendered":"\n<figure class=\"wp-block-image size-large\"><img fetchpriority=\"high\" decoding=\"async\" width=\"1024\" height=\"341\" src=\"https:\/\/naturpiedra.com\/fr\/blog\/wp-content\/uploads\/2024\/08\/pizarra-naturpiedra-cubierta-1024x341.jpg\" alt=\"\" class=\"wp-image-923\" srcset=\"https:\/\/naturpiedra.com\/fr\/blog\/wp-content\/uploads\/2024\/08\/pizarra-naturpiedra-cubierta-1024x341.jpg 1024w, https:\/\/naturpiedra.com\/fr\/blog\/wp-content\/uploads\/2024\/08\/pizarra-naturpiedra-cubierta-300x100.jpg 300w, https:\/\/naturpiedra.com\/fr\/blog\/wp-content\/uploads\/2024\/08\/pizarra-naturpiedra-cubierta-768x256.jpg 768w, https:\/\/naturpiedra.com\/fr\/blog\/wp-content\/uploads\/2024\/08\/pizarra-naturpiedra-cubierta.jpg 1200w\" sizes=\"(max-width: 1024px) 100vw, 1024px\" \/><\/figure>\n\n\n\n<p><\/p>\n\n\n\n<p>Les premiers produits des carri\u00e8res d\u2019ardoise de Bernardos \u00e9taient les ardoises pour couvrir les toits. Chez Naturpiedra, nous fabriquons et fournissons des ardoises de couvertures avec diff\u00e9rents formats, formes et \u00e9paisseurs.<\/p>\n\n\n\n<h2 class=\"wp-block-heading\">Histoire et Signification<\/h2>\n\n\n\n<figure class=\"wp-block-gallery has-nested-images columns-default is-cropped wp-block-gallery-1 is-layout-flex wp-block-gallery-is-layout-flex\">\n<figure class=\"wp-block-image size-large\"><img decoding=\"async\" width=\"580\" height=\"435\" data-id=\"925\" src=\"https:\/\/naturpiedra.com\/fr\/blog\/wp-content\/uploads\/2024\/08\/dibujo-escorial.jpg\" alt=\"\" class=\"wp-image-925\" srcset=\"https:\/\/naturpiedra.com\/fr\/blog\/wp-content\/uploads\/2024\/08\/dibujo-escorial.jpg 580w, https:\/\/naturpiedra.com\/fr\/blog\/wp-content\/uploads\/2024\/08\/dibujo-escorial-300x225.jpg 300w\" sizes=\"(max-width: 580px) 100vw, 580px\" \/><\/figure>\n\n\n\n<figure class=\"wp-block-image size-large\"><img decoding=\"async\" width=\"580\" height=\"435\" data-id=\"924\" src=\"https:\/\/naturpiedra.com\/fr\/blog\/wp-content\/uploads\/2024\/08\/foto-escorial.jpg\" alt=\"\" class=\"wp-image-924\" srcset=\"https:\/\/naturpiedra.com\/fr\/blog\/wp-content\/uploads\/2024\/08\/foto-escorial.jpg 580w, https:\/\/naturpiedra.com\/fr\/blog\/wp-content\/uploads\/2024\/08\/foto-escorial-300x225.jpg 300w\" sizes=\"(max-width: 580px) 100vw, 580px\" \/><\/figure>\n<\/figure>\n\n\n\n<p><\/p>\n\n\n\n<p>Les carri\u00e8res ont \u00e9t\u00e9 ouvertes par le roi Philippe II en 1559 pour couvrir les toits des monuments du royaume. Influenc\u00e9 par ses voyages durant sa jeunesse en Flandre, le souverain n\u2019a pas h\u00e9sit\u00e9 \u00e0 incorporer de nouveaux \u00e9l\u00e9ments dans l&#8217;architecture, jusque-l\u00e0 inconnus en Espagne. Le Monast\u00e8re de l&#8217;Escurial, l\u2019un des premiers et des plus embl\u00e9matiques monuments, devient la vitrine d\u2019un nouveau style architectural (1563). Des artisans de Flandre (tailleurs de pierre, ardoisiers, charpentiers), tous sp\u00e9cialistes de l&#8217;ardoise, sont alors invit\u00e9s.<\/p>\n\n\n\n<h2 class=\"wp-block-heading\"><strong>Reconnaissances<\/strong><\/h2>\n\n\n\n<figure class=\"wp-block-gallery has-nested-images columns-default is-cropped wp-block-gallery-2 is-layout-flex wp-block-gallery-is-layout-flex\">\n<figure class=\"wp-block-image size-large\"><img loading=\"lazy\" decoding=\"async\" width=\"465\" height=\"350\" data-id=\"927\" src=\"https:\/\/naturpiedra.com\/fr\/blog\/wp-content\/uploads\/2024\/08\/piedras-patrimonio-mundial.jpg\" alt=\"\" class=\"wp-image-927\" srcset=\"https:\/\/naturpiedra.com\/fr\/blog\/wp-content\/uploads\/2024\/08\/piedras-patrimonio-mundial.jpg 465w, https:\/\/naturpiedra.com\/fr\/blog\/wp-content\/uploads\/2024\/08\/piedras-patrimonio-mundial-300x226.jpg 300w\" sizes=\"(max-width: 465px) 100vw, 465px\" \/><\/figure>\n\n\n\n<figure class=\"wp-block-image size-large\"><img loading=\"lazy\" decoding=\"async\" width=\"465\" height=\"350\" data-id=\"926\" src=\"https:\/\/naturpiedra.com\/fr\/blog\/wp-content\/uploads\/2024\/08\/dap-naturpiedra.jpg\" alt=\"\" class=\"wp-image-926\" srcset=\"https:\/\/naturpiedra.com\/fr\/blog\/wp-content\/uploads\/2024\/08\/dap-naturpiedra.jpg 465w, https:\/\/naturpiedra.com\/fr\/blog\/wp-content\/uploads\/2024\/08\/dap-naturpiedra-300x226.jpg 300w\" sizes=\"(max-width: 465px) 100vw, 465px\" \/><\/figure>\n<\/figure>\n\n\n\n<h2 class=\"wp-block-heading\">LA PHYLLITE NATURPIEDRA, RECONNUE PIERRE DU PATRIMOINE MONDIAL<\/h2>\n\n\n\n<p>L\u2019une des roches les plus importantes de l\u2019histoire architecturale espagnole a \u00e9t\u00e9 reconnue comme Pierre du Patrimoine Mondial par l\u2019Union Internationale des Sciences G\u00e9ologiques (IUGS), rejoignant ainsi le cercle tr\u00e8s restreint des pierres inscrites au patrimoine mondial (22 roches ornementales dans 13 pays). Cette d\u00e9signation reconna\u00eet des roches uniques, essentielles et n\u00e9cessaires aux monuments historiques et au patrimoine, avec pour objectif de maintenir une gestion ad\u00e9quate des ressources, assurant leur disponibilit\u00e9 pour les g\u00e9n\u00e9rations futures. Les crit\u00e8res pour recevoir cette d\u00e9signation sont :<\/p>\n\n\n\n<ol class=\"wp-block-list\">\n<li>Roche utilis\u00e9e depuis longtemps.<\/li>\n\n\n\n<li>Dans des \u0153uvres exceptionnelles.<\/li>\n\n\n\n<li>Sur une large zone g\u00e9ographique.<\/li>\n\n\n\n<li>Reconnue comme symbole local ou national.<\/li>\n\n\n\n<li>Durabilit\u00e9 et \u00c9cologie<\/li>\n<\/ol>\n\n\n\n<h2 class=\"wp-block-heading\">LA PHYLLITE NATURPIEDRA, UN MAT\u00c9RIAU DE TOITURE NATURELLEMENT \u00c9COLOGIQUE ET DURABLE<\/h2>\n\n\n\n<p>Naturpiedra garantit son faible impact environnemental avec sa D\u00e9claration Environnementale de Produit, qui d\u00e9montre la faible empreinte carbone de la Phyllite sur l&#8217;ensemble de son cycle de vie (cradle to cradle), compar\u00e9e \u00e0 d&#8217;autres mat\u00e9riaux de construction. C\u2019est un avantage important dans le cadre de la r\u00e9glementation environnementale.<\/p>\n\n\n\n<figure class=\"wp-block-gallery has-nested-images columns-default is-cropped wp-block-gallery-3 is-layout-flex wp-block-gallery-is-layout-flex\">\n<figure class=\"wp-block-image size-large\"><img loading=\"lazy\" decoding=\"async\" width=\"380\" height=\"285\" data-id=\"931\" src=\"https:\/\/naturpiedra.com\/fr\/blog\/wp-content\/uploads\/2024\/08\/pizarra-naturpiedra-cubierta5.jpg\" alt=\"\" class=\"wp-image-931\" srcset=\"https:\/\/naturpiedra.com\/fr\/blog\/wp-content\/uploads\/2024\/08\/pizarra-naturpiedra-cubierta5.jpg 380w, https:\/\/naturpiedra.com\/fr\/blog\/wp-content\/uploads\/2024\/08\/pizarra-naturpiedra-cubierta5-300x225.jpg 300w\" sizes=\"(max-width: 380px) 100vw, 380px\" \/><\/figure>\n\n\n\n<figure class=\"wp-block-image size-large\"><img loading=\"lazy\" decoding=\"async\" width=\"380\" height=\"285\" data-id=\"932\" src=\"https:\/\/naturpiedra.com\/fr\/blog\/wp-content\/uploads\/2024\/08\/pizarra-naturpiedra-cubierta4.jpg\" alt=\"\" class=\"wp-image-932\" srcset=\"https:\/\/naturpiedra.com\/fr\/blog\/wp-content\/uploads\/2024\/08\/pizarra-naturpiedra-cubierta4.jpg 380w, https:\/\/naturpiedra.com\/fr\/blog\/wp-content\/uploads\/2024\/08\/pizarra-naturpiedra-cubierta4-300x225.jpg 300w\" sizes=\"(max-width: 380px) 100vw, 380px\" \/><\/figure>\n\n\n\n<figure class=\"wp-block-image size-large\"><img loading=\"lazy\" decoding=\"async\" width=\"380\" height=\"285\" data-id=\"930\" src=\"https:\/\/naturpiedra.com\/fr\/blog\/wp-content\/uploads\/2024\/08\/pizarra-naturpiedra-cubierta3.jpg\" alt=\"\" class=\"wp-image-930\" srcset=\"https:\/\/naturpiedra.com\/fr\/blog\/wp-content\/uploads\/2024\/08\/pizarra-naturpiedra-cubierta3.jpg 380w, https:\/\/naturpiedra.com\/fr\/blog\/wp-content\/uploads\/2024\/08\/pizarra-naturpiedra-cubierta3-300x225.jpg 300w\" sizes=\"(max-width: 380px) 100vw, 380px\" \/><\/figure>\n<\/figure>\n\n\n\n<p><\/p>\n\n\n\n<figure class=\"wp-block-gallery has-nested-images columns-default is-cropped wp-block-gallery-4 is-layout-flex wp-block-gallery-is-layout-flex\">\n<figure class=\"wp-block-image size-large\"><img loading=\"lazy\" decoding=\"async\" width=\"380\" height=\"285\" data-id=\"935\" src=\"https:\/\/naturpiedra.com\/fr\/blog\/wp-content\/uploads\/2024\/08\/pizarra-naturpiedra-cubierta2.jpg\" alt=\"\" class=\"wp-image-935\" srcset=\"https:\/\/naturpiedra.com\/fr\/blog\/wp-content\/uploads\/2024\/08\/pizarra-naturpiedra-cubierta2.jpg 380w, https:\/\/naturpiedra.com\/fr\/blog\/wp-content\/uploads\/2024\/08\/pizarra-naturpiedra-cubierta2-300x225.jpg 300w\" sizes=\"(max-width: 380px) 100vw, 380px\" \/><\/figure>\n\n\n\n<figure class=\"wp-block-image size-large\"><img loading=\"lazy\" decoding=\"async\" width=\"380\" height=\"285\" data-id=\"934\" src=\"https:\/\/naturpiedra.com\/fr\/blog\/wp-content\/uploads\/2024\/08\/pizarra-naturpiedra-cubierta1.jpg\" alt=\"\" class=\"wp-image-934\" srcset=\"https:\/\/naturpiedra.com\/fr\/blog\/wp-content\/uploads\/2024\/08\/pizarra-naturpiedra-cubierta1.jpg 380w, https:\/\/naturpiedra.com\/fr\/blog\/wp-content\/uploads\/2024\/08\/pizarra-naturpiedra-cubierta1-300x225.jpg 300w\" sizes=\"(max-width: 380px) 100vw, 380px\" \/><\/figure>\n\n\n\n<figure class=\"wp-block-image size-large\"><img loading=\"lazy\" decoding=\"async\" width=\"380\" height=\"285\" data-id=\"933\" src=\"https:\/\/naturpiedra.com\/fr\/blog\/wp-content\/uploads\/2024\/08\/pizarra-naturpiedra-cubierta6.jpg\" alt=\"\" class=\"wp-image-933\" srcset=\"https:\/\/naturpiedra.com\/fr\/blog\/wp-content\/uploads\/2024\/08\/pizarra-naturpiedra-cubierta6.jpg 380w, https:\/\/naturpiedra.com\/fr\/blog\/wp-content\/uploads\/2024\/08\/pizarra-naturpiedra-cubierta6-300x225.jpg 300w\" sizes=\"(max-width: 380px) 100vw, 380px\" \/><\/figure>\n<\/figure>\n\n\n\n<p><\/p>\n\n\n\n<h2 class=\"wp-block-heading\"><strong>Pourquoi choisir l&#8217;ardoise de couverture Naturpiedra<\/strong><\/h2>\n\n\n\n<p>En plus des crit\u00e8res mentionn\u00e9s pr\u00e9c\u00e9demment, nos clients choisissent notre Phyllite Naturpiedra pour :<\/p>\n\n\n\n<ul class=\"wp-block-list\">\n<li>Son exclusivit\u00e9: Tr\u00e8s peu de carri\u00e8res dans le monde produisent un produit aussi traditionnel et exclusif.<\/li>\n\n\n\n<li>Ses caract\u00e9ristiques physico-m\u00e9caniques (A1\/T1\/S1): Elles conf\u00e8rent une duret\u00e9 et une r\u00e9sistance \u00e0 tous les climats, m\u00eame les plus extr\u00eames.<\/li>\n\n\n\n<li>Sa beaut\u00e9 et qualit\u00e9: Son veinage caract\u00e9ristique et sa couleur gris plomb avec des taches de couleur et de la pyrite qui ne changent pas avec le temps et ne se transforment pas en rouille.<\/li>\n\n\n\n<li>Un savoir-faire traditionnel: Les \u00e9quipes de Naturpiedra confectionnent les pi\u00e8ces \u00e0 la main.<\/li>\n\n\n\n<li>La vari\u00e9t\u00e9 de formats disponibles: Ogives traditionnelles, non taill\u00e9s, formats rectangulaires, mixtes, que nous fournissons depuis 40 ans pour le patrimoine espagnol ou \u00e9tranger.<\/li>\n\n\n\n<li>L\u2019optimisation des ressources en carri\u00e8re: La pierre est \u00e9galement transform\u00e9e en dalles de pavage ou de rev\u00eatement, produits de d\u00e9coration de jardin ou ma\u00e7onnerie.<\/li>\n\n\n\n<li>Conclusion:<\/li>\n<\/ul>\n\n\n\n<p>L&#8217;ardoise de couverture Naturpiedra des carri\u00e8res de Bernardos est un mat\u00e9riau exclusif, durable et esth\u00e9tiquement attrayant, avec une riche histoire et une reconnaissance internationale. Son utilisation pour les toitures garantit non seulement la protection et la long\u00e9vit\u00e9 des structures, mais apporte \u00e9galement une valeur historique et culturelle significative.<\/p>\n","protected":false},"excerpt":{"rendered":"<p>Les premiers produits des carri\u00e8res d\u2019ardoise de Bernardos \u00e9taient les ardoises pour couvrir les toits. Chez Naturpiedra, nous fabriquons et fournissons des ardoises de couvertures avec diff\u00e9rents formats, formes et \u00e9paisseurs.<\/p>\n","protected":false},"author":2,"featured_media":923,"comment_status":"open","ping_status":"open","sticky":false,"template":"","format":"standard","meta":{"footnotes":""},"categories":[1],"tags":[],"class_list":["post-921","post","type-post","status-publish","format-standard","has-post-thumbnail","hentry","category-uncategorized"],"_links":{"self":[{"href":"https:\/\/naturpiedra.com\/fr\/blog\/wp-json\/wp\/v2\/posts\/921","targetHints":{"allow":["GET"]}}],"collection":[{"href":"https:\/\/naturpiedra.com\/fr\/blog\/wp-json\/wp\/v2\/posts"}],"about":[{"href":"https:\/\/naturpiedra.com\/fr\/blog\/wp-json\/wp\/v2\/types\/post"}],"author":[{"embeddable":true,"href":"https:\/\/naturpiedra.com\/fr\/blog\/wp-json\/wp\/v2\/users\/2"}],"replies":[{"embeddable":true,"href":"https:\/\/naturpiedra.com\/fr\/blog\/wp-json\/wp\/v2\/comments?post=921"}],"version-history":[{"count":10,"href":"https:\/\/naturpiedra.com\/fr\/blog\/wp-json\/wp\/v2\/posts\/921\/revisions"}],"predecessor-version":[{"id":942,"href":"https:\/\/naturpiedra.com\/fr\/blog\/wp-json\/wp\/v2\/posts\/921\/revisions\/942"}],"wp:featuredmedia":[{"embeddable":true,"href":"https:\/\/naturpiedra.com\/fr\/blog\/wp-json\/wp\/v2\/media\/923"}],"wp:attachment":[{"href":"https:\/\/naturpiedra.com\/fr\/blog\/wp-json\/wp\/v2\/media?parent=921"}],"wp:term":[{"taxonomy":"category","embeddable":true,"href":"https:\/\/naturpiedra.com\/fr\/blog\/wp-json\/wp\/v2\/categories?post=921"},{"taxonomy":"post_tag","embeddable":true,"href":"https:\/\/naturpiedra.com\/fr\/blog\/wp-json\/wp\/v2\/tags?post=921"}],"curies":[{"name":"wp","href":"https:\/\/api.w.org\/{rel}","templated":true}]}}