{"id":901,"date":"2024-08-13T18:58:39","date_gmt":"2024-08-13T18:58:39","guid":{"rendered":"https:\/\/naturpiedra.com\/fr\/blog\/?p=901"},"modified":"2024-08-13T19:27:09","modified_gmt":"2024-08-13T19:27:09","slug":"les-tendances-2024-en-pierre-naturelle-pour-lamenagement-exterieur","status":"publish","type":"post","link":"https:\/\/naturpiedra.com\/fr\/blog\/les-tendances-2024-en-pierre-naturelle-pour-lamenagement-exterieur\/","title":{"rendered":"LES TENDANCES 2024 EN PIERRE NATURELLE POUR L\u2019AMENAGEMENT EXTERIEUR"},"content":{"rendered":"\n<figure class=\"wp-block-image size-large\"><img fetchpriority=\"high\" decoding=\"async\" width=\"1024\" height=\"341\" src=\"https:\/\/naturpiedra.com\/fr\/blog\/wp-content\/uploads\/2024\/08\/blog-paisajismo-naturpiedra-1024x341.jpg\" alt=\"\" class=\"wp-image-902\" srcset=\"https:\/\/naturpiedra.com\/fr\/blog\/wp-content\/uploads\/2024\/08\/blog-paisajismo-naturpiedra-1024x341.jpg 1024w, https:\/\/naturpiedra.com\/fr\/blog\/wp-content\/uploads\/2024\/08\/blog-paisajismo-naturpiedra-300x100.jpg 300w, https:\/\/naturpiedra.com\/fr\/blog\/wp-content\/uploads\/2024\/08\/blog-paisajismo-naturpiedra-768x256.jpg 768w, https:\/\/naturpiedra.com\/fr\/blog\/wp-content\/uploads\/2024\/08\/blog-paisajismo-naturpiedra.jpg 1200w\" sizes=\"(max-width: 1024px) 100vw, 1024px\" \/><\/figure>\n\n\n\n<p><\/p>\n\n\n\n<p>Chez NATURPIEDRA, encore une fois cette ann\u00e9e, nous voyons comment les professionnels du secteur du paysagisme (entreprises de jardinage, architectes paysagistes, installateurs de piscines, etc.) et les particuliers int\u00e9ress\u00e9s par ce type de travaux nous font part de leurs id\u00e9es et nous demandent conseil pour trouver les solutions les plus adapt\u00e9es \u00e0 leurs projets d\u2019am\u00e9nagement paysager.<\/p>\n\n\n\n<p>Comme chaque saison, nous nous adaptons \u00e0 ces nouvelles demandes et NATURPIEDRA pr\u00e9sente des nouveaut\u00e9s pour ce secteur, qui, en cette p\u00e9riode, fourmille de projets afin que ses utilisateurs puissent profiter de la prochaine saison estivale.<\/p>\n\n\n\n<h2 class=\"wp-block-heading\">Parmi les produits actuellement les plus populaires, nous pouvons citer :<\/h2>\n\n\n\n<p>PIERRE D\u00c9CORATIVE : parmi les galets ou gravillons habituels, ce mat\u00e9riau se distingue par l&#8217;\u00e9l\u00e9gance de son ton fonc\u00e9 :<\/p>\n\n\n\n<ul class=\"wp-block-list\">\n<li>Ardoise Noire Arrondie, une finition qui apporte une plus-value esth\u00e9tique aux \u00e9clats d&#8217;ardoise concass\u00e9e. Ce produit est disponible en sacs de 20 kg ou peut \u00eatre command\u00e9 en quantit\u00e9s plus importantes, en big bags d&#8217;environ 1000 kg.<\/li>\n<\/ul>\n\n\n\n<figure class=\"wp-block-gallery has-nested-images columns-default is-cropped wp-block-gallery-1 is-layout-flex wp-block-gallery-is-layout-flex\">\n<figure class=\"wp-block-image size-large\"><img decoding=\"async\" width=\"530\" height=\"435\" data-id=\"915\" src=\"https:\/\/naturpiedra.com\/fr\/blog\/wp-content\/uploads\/2024\/08\/blog-paisajismo-naturpiedra1.jpg\" alt=\"\" class=\"wp-image-915\" srcset=\"https:\/\/naturpiedra.com\/fr\/blog\/wp-content\/uploads\/2024\/08\/blog-paisajismo-naturpiedra1.jpg 530w, https:\/\/naturpiedra.com\/fr\/blog\/wp-content\/uploads\/2024\/08\/blog-paisajismo-naturpiedra1-300x246.jpg 300w\" sizes=\"(max-width: 530px) 100vw, 530px\" \/><\/figure>\n\n\n\n<figure class=\"wp-block-image size-large\"><img decoding=\"async\" width=\"530\" height=\"435\" data-id=\"914\" src=\"https:\/\/naturpiedra.com\/fr\/blog\/wp-content\/uploads\/2024\/08\/blog-paisajismo-naturpiedra2.jpg\" alt=\"\" class=\"wp-image-914\" srcset=\"https:\/\/naturpiedra.com\/fr\/blog\/wp-content\/uploads\/2024\/08\/blog-paisajismo-naturpiedra2.jpg 530w, https:\/\/naturpiedra.com\/fr\/blog\/wp-content\/uploads\/2024\/08\/blog-paisajismo-naturpiedra2-300x246.jpg 300w\" sizes=\"(max-width: 530px) 100vw, 530px\" \/><\/figure>\n<\/figure>\n\n\n\n<p><\/p>\n\n\n\n<p>PAS JAPONAIS : nous \u00e9largissons l&#8217;offre de ce produit \u00e0 succ\u00e8s avec de nouveaux mat\u00e9riaux, formats et finitions :<\/p>\n\n\n\n<ul class=\"wp-block-list\">\n<li>Pas Japonais Arrondis en Ardoise de nos carri\u00e8res de Bernardos, avec des formes vari\u00e9es et capricieuses qui soulignent leur origine naturelle. Vous les trouverez en finition naturelle ou tambourin\u00e9e (vieillis m\u00e9caniquement dans un tambour).<\/li>\n\n\n\n<li>Pas Japonais en Phyllite Grise NATURPIEDRA avec finition SABL\u00c9E, disponibles en divers formats: par exemple 80\u00d730, 40\u00d740 et 30x30x3 cm. Cette nouvelle finition est particuli\u00e8rement adapt\u00e9e aux projets ext\u00e9rieurs gr\u00e2ce \u00e0 son anti d\u00e9rapance.<\/li>\n<\/ul>\n\n\n\n<figure class=\"wp-block-gallery has-nested-images columns-default is-cropped wp-block-gallery-2 is-layout-flex wp-block-gallery-is-layout-flex\">\n<figure class=\"wp-block-image size-large\"><img loading=\"lazy\" decoding=\"async\" width=\"530\" height=\"435\" data-id=\"913\" src=\"https:\/\/naturpiedra.com\/fr\/blog\/wp-content\/uploads\/2024\/08\/blog-paisajismo-naturpiedra3.jpg\" alt=\"\" class=\"wp-image-913\" srcset=\"https:\/\/naturpiedra.com\/fr\/blog\/wp-content\/uploads\/2024\/08\/blog-paisajismo-naturpiedra3.jpg 530w, https:\/\/naturpiedra.com\/fr\/blog\/wp-content\/uploads\/2024\/08\/blog-paisajismo-naturpiedra3-300x246.jpg 300w\" sizes=\"(max-width: 530px) 100vw, 530px\" \/><\/figure>\n\n\n\n<figure class=\"wp-block-image size-large\"><img loading=\"lazy\" decoding=\"async\" width=\"530\" height=\"435\" data-id=\"912\" src=\"https:\/\/naturpiedra.com\/fr\/blog\/wp-content\/uploads\/2024\/08\/blog-paisajismo-naturpiedra40.jpg\" alt=\"\" class=\"wp-image-912\" srcset=\"https:\/\/naturpiedra.com\/fr\/blog\/wp-content\/uploads\/2024\/08\/blog-paisajismo-naturpiedra40.jpg 530w, https:\/\/naturpiedra.com\/fr\/blog\/wp-content\/uploads\/2024\/08\/blog-paisajismo-naturpiedra40-300x246.jpg 300w\" sizes=\"(max-width: 530px) 100vw, 530px\" \/><\/figure>\n<\/figure>\n\n\n\n<p><\/p>\n\n\n\n<p>PAV\u00c9S :<\/p>\n\n\n\n<p>Le pav\u00e9 est \u00e9galement une solution tr\u00e8s utilis\u00e9e dans les espaces ext\u00e9rieurs et les dallages paysagers. Ici, le protagoniste, comme nous l&#8217;avons annonc\u00e9 dans des blogs pr\u00e9c\u00e9dents, est :<\/p>\n\n\n\n<ul class=\"wp-block-list\">\n<li>Cal\u00e7ada Portuguesa, dans ses formats en cubes irr\u00e9guliers de 5\/7 ou 9\/11 cm., livr\u00e9s en big bags avec des calcaires de tons blanc, gris, noir ou rose.<\/li>\n<\/ul>\n\n\n\n<figure class=\"wp-block-gallery has-nested-images columns-default is-cropped wp-block-gallery-3 is-layout-flex wp-block-gallery-is-layout-flex\">\n<figure class=\"wp-block-image size-large\"><img loading=\"lazy\" decoding=\"async\" width=\"530\" height=\"435\" data-id=\"910\" src=\"https:\/\/naturpiedra.com\/fr\/blog\/wp-content\/uploads\/2024\/08\/blog-paisajismo-naturpiedra7.jpg\" alt=\"\" class=\"wp-image-910\" srcset=\"https:\/\/naturpiedra.com\/fr\/blog\/wp-content\/uploads\/2024\/08\/blog-paisajismo-naturpiedra7.jpg 530w, https:\/\/naturpiedra.com\/fr\/blog\/wp-content\/uploads\/2024\/08\/blog-paisajismo-naturpiedra7-300x246.jpg 300w\" sizes=\"(max-width: 530px) 100vw, 530px\" \/><\/figure>\n\n\n\n<figure class=\"wp-block-image size-large\"><img loading=\"lazy\" decoding=\"async\" width=\"530\" height=\"435\" data-id=\"911\" src=\"https:\/\/naturpiedra.com\/fr\/blog\/wp-content\/uploads\/2024\/08\/blog-paisajismo-naturpiedra6.jpg\" alt=\"\" class=\"wp-image-911\" srcset=\"https:\/\/naturpiedra.com\/fr\/blog\/wp-content\/uploads\/2024\/08\/blog-paisajismo-naturpiedra6.jpg 530w, https:\/\/naturpiedra.com\/fr\/blog\/wp-content\/uploads\/2024\/08\/blog-paisajismo-naturpiedra6-300x246.jpg 300w\" sizes=\"(max-width: 530px) 100vw, 530px\" \/><\/figure>\n<\/figure>\n\n\n\n<p><\/p>\n\n\n\n<p>DALLES IRR\u00c9GULI\u00c8RES, un classique en plein essor, appr\u00e9ci\u00e9es pour leur solidit\u00e9 et leur inalt\u00e9rabilit\u00e9 au fil du temps, nous mettons en avant :<\/p>\n\n\n\n<ul class=\"wp-block-list\">\n<li>Ardoise Noire, livr\u00e9e sur palettes de 35 couches, avec une \u00e9paisseur d&#8217;environ 2-3 cm.<\/li>\n\n\n\n<li>Ardoise Multicolore, livr\u00e9e sur palettes de 30 couches, \u00e9paisseur d&#8217;environ 2-3 cm.<\/li>\n\n\n\n<li>Calcaire Blanc, livr\u00e9e sur palettes de 20 couches, \u00e9paisseur de 3-5 cm, tr\u00e8s appr\u00e9ci\u00e9e pour les rev\u00eatements auxquels elle conf\u00e8re une grande luminosit\u00e9.<\/li>\n<\/ul>\n\n\n\n<figure class=\"wp-block-gallery has-nested-images columns-default is-cropped wp-block-gallery-4 is-layout-flex wp-block-gallery-is-layout-flex\">\n<figure class=\"wp-block-image size-large\"><img loading=\"lazy\" decoding=\"async\" width=\"530\" height=\"435\" data-id=\"908\" src=\"https:\/\/naturpiedra.com\/fr\/blog\/wp-content\/uploads\/2024\/08\/blog-paisajismo-naturpiedra8.jpg\" alt=\"\" class=\"wp-image-908\" srcset=\"https:\/\/naturpiedra.com\/fr\/blog\/wp-content\/uploads\/2024\/08\/blog-paisajismo-naturpiedra8.jpg 530w, https:\/\/naturpiedra.com\/fr\/blog\/wp-content\/uploads\/2024\/08\/blog-paisajismo-naturpiedra8-300x246.jpg 300w\" sizes=\"(max-width: 530px) 100vw, 530px\" \/><\/figure>\n\n\n\n<figure class=\"wp-block-image size-large\"><img loading=\"lazy\" decoding=\"async\" width=\"530\" height=\"435\" data-id=\"907\" src=\"https:\/\/naturpiedra.com\/fr\/blog\/wp-content\/uploads\/2024\/08\/blog-paisajismo-naturpiedra15.jpg\" alt=\"\" class=\"wp-image-907\" srcset=\"https:\/\/naturpiedra.com\/fr\/blog\/wp-content\/uploads\/2024\/08\/blog-paisajismo-naturpiedra15.jpg 530w, https:\/\/naturpiedra.com\/fr\/blog\/wp-content\/uploads\/2024\/08\/blog-paisajismo-naturpiedra15-300x246.jpg 300w\" sizes=\"(max-width: 530px) 100vw, 530px\" \/><\/figure>\n<\/figure>\n\n\n\n<p><\/p>\n\n\n\n<figure class=\"wp-block-gallery has-nested-images columns-default is-cropped wp-block-gallery-5 is-layout-flex wp-block-gallery-is-layout-flex\">\n<figure class=\"wp-block-image size-large\"><img loading=\"lazy\" decoding=\"async\" width=\"530\" height=\"435\" data-id=\"905\" src=\"https:\/\/naturpiedra.com\/fr\/blog\/wp-content\/uploads\/2024\/08\/blog-paisajismo-naturpiedra14.jpg\" alt=\"\" class=\"wp-image-905\" srcset=\"https:\/\/naturpiedra.com\/fr\/blog\/wp-content\/uploads\/2024\/08\/blog-paisajismo-naturpiedra14.jpg 530w, https:\/\/naturpiedra.com\/fr\/blog\/wp-content\/uploads\/2024\/08\/blog-paisajismo-naturpiedra14-300x246.jpg 300w\" sizes=\"(max-width: 530px) 100vw, 530px\" \/><\/figure>\n\n\n\n<figure class=\"wp-block-image size-large\"><img loading=\"lazy\" decoding=\"async\" width=\"530\" height=\"435\" data-id=\"904\" src=\"https:\/\/naturpiedra.com\/fr\/blog\/wp-content\/uploads\/2024\/08\/blog-paisajismo-naturpiedra16.jpg\" alt=\"\" class=\"wp-image-904\" srcset=\"https:\/\/naturpiedra.com\/fr\/blog\/wp-content\/uploads\/2024\/08\/blog-paisajismo-naturpiedra16.jpg 530w, https:\/\/naturpiedra.com\/fr\/blog\/wp-content\/uploads\/2024\/08\/blog-paisajismo-naturpiedra16-300x246.jpg 300w\" sizes=\"(max-width: 530px) 100vw, 530px\" \/><\/figure>\n<\/figure>\n\n\n\n<p><\/p>\n\n\n\n<p>N&#8217;h\u00e9sitez pas \u00e0 visiter notre site web pour d\u00e9couvrir ces nouvelles id\u00e9es pour votre r\u00e9novation ou nouveau projet, en comptant sur les conseils de professionnels de la pierre naturelle Naturpiedra.<\/p>\n","protected":false},"excerpt":{"rendered":"<p>Chez NATURPIEDRA, encore une fois cette ann\u00e9e, nous voyons comment les professionnels du secteur du paysagisme (entreprises de jardinage, architectes paysagistes, installateurs de piscines, etc.) et les particuliers int\u00e9ress\u00e9s par ce type de travaux nous font part de leurs id\u00e9es et nous demandent conseil pour trouver les solutions les plus adapt\u00e9es \u00e0 leurs projets d\u2019am\u00e9nagement paysager.<\/p>\n","protected":false},"author":2,"featured_media":902,"comment_status":"open","ping_status":"open","sticky":false,"template":"","format":"standard","meta":{"footnotes":""},"categories":[1],"tags":[],"class_list":["post-901","post","type-post","status-publish","format-standard","has-post-thumbnail","hentry","category-uncategorized"],"_links":{"self":[{"href":"https:\/\/naturpiedra.com\/fr\/blog\/wp-json\/wp\/v2\/posts\/901","targetHints":{"allow":["GET"]}}],"collection":[{"href":"https:\/\/naturpiedra.com\/fr\/blog\/wp-json\/wp\/v2\/posts"}],"about":[{"href":"https:\/\/naturpiedra.com\/fr\/blog\/wp-json\/wp\/v2\/types\/post"}],"author":[{"embeddable":true,"href":"https:\/\/naturpiedra.com\/fr\/blog\/wp-json\/wp\/v2\/users\/2"}],"replies":[{"embeddable":true,"href":"https:\/\/naturpiedra.com\/fr\/blog\/wp-json\/wp\/v2\/comments?post=901"}],"version-history":[{"count":8,"href":"https:\/\/naturpiedra.com\/fr\/blog\/wp-json\/wp\/v2\/posts\/901\/revisions"}],"predecessor-version":[{"id":920,"href":"https:\/\/naturpiedra.com\/fr\/blog\/wp-json\/wp\/v2\/posts\/901\/revisions\/920"}],"wp:featuredmedia":[{"embeddable":true,"href":"https:\/\/naturpiedra.com\/fr\/blog\/wp-json\/wp\/v2\/media\/902"}],"wp:attachment":[{"href":"https:\/\/naturpiedra.com\/fr\/blog\/wp-json\/wp\/v2\/media?parent=901"}],"wp:term":[{"taxonomy":"category","embeddable":true,"href":"https:\/\/naturpiedra.com\/fr\/blog\/wp-json\/wp\/v2\/categories?post=901"},{"taxonomy":"post_tag","embeddable":true,"href":"https:\/\/naturpiedra.com\/fr\/blog\/wp-json\/wp\/v2\/tags?post=901"}],"curies":[{"name":"wp","href":"https:\/\/api.w.org\/{rel}","templated":true}]}}