{"id":1058,"date":"2026-04-15T08:21:32","date_gmt":"2026-04-15T08:21:32","guid":{"rendered":"https:\/\/naturpiedra.com\/fr\/blog\/?p=1058"},"modified":"2026-04-16T21:10:02","modified_gmt":"2026-04-16T21:10:02","slug":"nouveau-depot-et-showroom-de-pierre-naturelle-a-valence-la-qualite-en-direct-de-la-carriere","status":"publish","type":"post","link":"https:\/\/naturpiedra.com\/fr\/blog\/nouveau-depot-et-showroom-de-pierre-naturelle-a-valence-la-qualite-en-direct-de-la-carriere\/","title":{"rendered":"NOUVEAU D\u00c9P\u00d4T ET SHOWROOM DE PIERRE NATURELLE \u00c0 VALENCE : LA QUALIT\u00c9 EN DIRECT DE LA CARRI\u00c8RE"},"content":{"rendered":"\t\t<div data-elementor-type=\"wp-post\" data-elementor-id=\"1058\" class=\"elementor elementor-1058\" data-elementor-post-type=\"post\">\n\t\t\t\t\t\t<section class=\"elementor-section elementor-top-section elementor-element elementor-element-bdb1fe2 elementor-section-boxed elementor-section-height-default elementor-section-height-default\" data-id=\"bdb1fe2\" data-element_type=\"section\" data-e-type=\"section\">\n\t\t\t\t\t\t<div class=\"elementor-container elementor-column-gap-default\">\n\t\t\t\t\t<div class=\"elementor-column elementor-col-100 elementor-top-column elementor-element elementor-element-7ea4535\" data-id=\"7ea4535\" data-element_type=\"column\" data-e-type=\"column\">\n\t\t\t<div class=\"elementor-widget-wrap elementor-element-populated\">\n\t\t\t\t\t\t<div class=\"elementor-element elementor-element-ec39ca5 elementor-widget elementor-widget-image\" data-id=\"ec39ca5\" data-element_type=\"widget\" data-e-type=\"widget\" data-widget_type=\"image.default\">\n\t\t\t\t<div class=\"elementor-widget-container\">\n\t\t\t\t\t\t\t\t\t\t\t\t\t\t\t<img fetchpriority=\"high\" decoding=\"async\" width=\"1024\" height=\"341\" src=\"https:\/\/naturpiedra.com\/fr\/blog\/wp-content\/uploads\/2026\/04\/NAP_Blog_ShowroomValencia_Banner-1024x341.jpg\" class=\"attachment-large size-large wp-image-1066\" alt=\"Almac\u00e9n Valencia Betera con gran stock\" srcset=\"https:\/\/naturpiedra.com\/fr\/blog\/wp-content\/uploads\/2026\/04\/NAP_Blog_ShowroomValencia_Banner-1024x341.jpg 1024w, https:\/\/naturpiedra.com\/fr\/blog\/wp-content\/uploads\/2026\/04\/NAP_Blog_ShowroomValencia_Banner-300x100.jpg 300w, https:\/\/naturpiedra.com\/fr\/blog\/wp-content\/uploads\/2026\/04\/NAP_Blog_ShowroomValencia_Banner-768x256.jpg 768w, https:\/\/naturpiedra.com\/fr\/blog\/wp-content\/uploads\/2026\/04\/NAP_Blog_ShowroomValencia_Banner.jpg 1200w\" sizes=\"(max-width: 1024px) 100vw, 1024px\" \/>\t\t\t\t\t\t\t\t\t\t\t\t\t\t\t<\/div>\n\t\t\t\t<\/div>\n\t\t\t\t\t<\/div>\n\t\t<\/div>\n\t\t\t\t\t<\/div>\n\t\t<\/section>\n\t\t\t\t<section class=\"elementor-section elementor-top-section elementor-element elementor-element-5061089 elementor-section-boxed elementor-section-height-default elementor-section-height-default\" data-id=\"5061089\" data-element_type=\"section\" data-e-type=\"section\">\n\t\t\t\t\t\t<div class=\"elementor-container elementor-column-gap-default\">\n\t\t\t\t\t<div class=\"elementor-column elementor-col-100 elementor-top-column elementor-element elementor-element-40e033c\" data-id=\"40e033c\" data-element_type=\"column\" data-e-type=\"column\">\n\t\t\t<div class=\"elementor-widget-wrap elementor-element-populated\">\n\t\t\t\t\t\t<div class=\"elementor-element elementor-element-ca0e8d5 elementor-widget elementor-widget-text-editor\" data-id=\"ca0e8d5\" data-element_type=\"widget\" data-e-type=\"widget\" data-widget_type=\"text-editor.default\">\n\t\t\t\t<div class=\"elementor-widget-container\">\n\t\t\t\t\t\t\t\t\t<p data-start=\"247\" data-end=\"511\">Si vous envisagez une r\u00e9novation, la construction d\u2019une maison individuelle ou un projet d\u2019am\u00e9nagement paysager dans la <strong>Communaut\u00e9 Valencienne<\/strong>, chez Naturpiedra, nous venons d\u2019inaugurer notre nouveau d\u00e9p\u00f4t de pierre naturelle \u00e0 B\u00e9tera, dans la province de Valence.<\/p><p data-start=\"513\" data-end=\"758\">Depuis nos installations de <strong>B\u00e9tera<\/strong>, nous assurons un service rapide et un accompagnement technique dans toute la ville de <strong>Valence et sa zone m\u00e9tropolitaine<\/strong>, en proposant des mat\u00e9riaux qui r\u00e9pondent \u00e0 tous les standards de qualit\u00e9 de Naturpiedra.<\/p>\t\t\t\t\t\t\t\t<\/div>\n\t\t\t\t<\/div>\n\t\t\t\t\t<\/div>\n\t\t<\/div>\n\t\t\t\t\t<\/div>\n\t\t<\/section>\n\t\t\t\t<section class=\"elementor-section elementor-top-section elementor-element elementor-element-fa07858 elementor-section-boxed elementor-section-height-default elementor-section-height-default\" data-id=\"fa07858\" data-element_type=\"section\" data-e-type=\"section\">\n\t\t\t\t\t\t<div class=\"elementor-container elementor-column-gap-default\">\n\t\t\t\t\t<div class=\"elementor-column elementor-col-50 elementor-top-column elementor-element elementor-element-429b254\" data-id=\"429b254\" data-element_type=\"column\" data-e-type=\"column\">\n\t\t\t<div class=\"elementor-widget-wrap elementor-element-populated\">\n\t\t\t\t\t\t<div class=\"elementor-element elementor-element-e17c02c elementor-widget elementor-widget-heading\" data-id=\"e17c02c\" data-element_type=\"widget\" data-e-type=\"widget\" data-widget_type=\"heading.default\">\n\t\t\t\t<div class=\"elementor-widget-container\">\n\t\t\t\t\t<h2 class=\"elementor-heading-title elementor-size-default\">Sp\u00e9cialistes de la fourniture de pierre pour des projets dans tout le Levant espagnol<\/h2>\t\t\t\t<\/div>\n\t\t\t\t<\/div>\n\t\t\t\t<div class=\"elementor-element elementor-element-5466c2b elementor-widget elementor-widget-text-editor\" data-id=\"5466c2b\" data-element_type=\"widget\" data-e-type=\"widget\" data-widget_type=\"text-editor.default\">\n\t\t\t\t<div class=\"elementor-widget-container\">\n\t\t\t\t\t\t\t\t\t<p data-start=\"851\" data-end=\"1024\">Chez Naturpiedra Valencia, nous ne nous contentons pas de vendre de la pierre ; nous s\u00e9lectionnons le mat\u00e9riau le mieux adapt\u00e9 au climat et \u00e0 l\u2019architecture m\u00e9diterran\u00e9enne.<\/p><p data-start=\"1026\" data-end=\"1154\">Nous accompagnons quotidiennement des clients de la <strong>ville de Valence, Torrent, Paterna, Rocafort, Godella, La Eliana et Sagunto.<\/strong><\/p><p data-start=\"1156\" data-end=\"1232\">Nous collaborons r\u00e9guli\u00e8rement avec les plus grands cabinets d\u2019architecture.<\/p>\t\t\t\t\t\t\t\t<\/div>\n\t\t\t\t<\/div>\n\t\t\t\t\t<\/div>\n\t\t<\/div>\n\t\t\t\t<div class=\"elementor-column elementor-col-50 elementor-top-column elementor-element elementor-element-a4b905b\" data-id=\"a4b905b\" data-element_type=\"column\" data-e-type=\"column\">\n\t\t\t<div class=\"elementor-widget-wrap elementor-element-populated\">\n\t\t\t\t\t\t<div class=\"elementor-element elementor-element-adf640a elementor-widget elementor-widget-image\" data-id=\"adf640a\" data-element_type=\"widget\" data-e-type=\"widget\" data-widget_type=\"image.default\">\n\t\t\t\t<div class=\"elementor-widget-container\">\n\t\t\t\t\t\t\t\t\t\t\t\t\t\t\t<img decoding=\"async\" width=\"580\" height=\"435\" src=\"https:\/\/naturpiedra.com\/fr\/blog\/wp-content\/uploads\/2026\/04\/NAP_Blog_ShowroomValencia_7_exposicionpiedranatural.jpg\" class=\"attachment-large size-large wp-image-1060\" alt=\"\" srcset=\"https:\/\/naturpiedra.com\/fr\/blog\/wp-content\/uploads\/2026\/04\/NAP_Blog_ShowroomValencia_7_exposicionpiedranatural.jpg 580w, https:\/\/naturpiedra.com\/fr\/blog\/wp-content\/uploads\/2026\/04\/NAP_Blog_ShowroomValencia_7_exposicionpiedranatural-300x225.jpg 300w\" sizes=\"(max-width: 580px) 100vw, 580px\" \/>\t\t\t\t\t\t\t\t\t\t\t\t\t\t\t<\/div>\n\t\t\t\t<\/div>\n\t\t\t\t\t<\/div>\n\t\t<\/div>\n\t\t\t\t\t<\/div>\n\t\t<\/section>\n\t\t\t\t<section class=\"elementor-section elementor-top-section elementor-element elementor-element-498968f elementor-section-boxed elementor-section-height-default elementor-section-height-default\" data-id=\"498968f\" data-element_type=\"section\" data-e-type=\"section\">\n\t\t\t\t\t\t<div class=\"elementor-container elementor-column-gap-default\">\n\t\t\t\t\t<div class=\"elementor-column elementor-col-100 elementor-top-column elementor-element elementor-element-f5e8407\" data-id=\"f5e8407\" data-element_type=\"column\" data-e-type=\"column\">\n\t\t\t<div class=\"elementor-widget-wrap elementor-element-populated\">\n\t\t\t\t\t\t<div class=\"elementor-element elementor-element-e59bac7 elementor-cta--skin-cover elementor-widget elementor-widget-call-to-action\" data-id=\"e59bac7\" data-element_type=\"widget\" data-e-type=\"widget\" data-widget_type=\"call-to-action.default\">\n\t\t\t\t<div class=\"elementor-widget-container\">\n\t\t\t\t\t\t\t<div class=\"elementor-cta\">\n\t\t\t\t\t<div class=\"elementor-cta__bg-wrapper\">\n\t\t\t\t<div class=\"elementor-cta__bg elementor-bg\" style=\"background-image: url();\" role=\"img\" aria-label=\"\"><\/div>\n\t\t\t\t<div class=\"elementor-cta__bg-overlay\"><\/div>\n\t\t\t<\/div>\n\t\t\t\t\t\t\t<div class=\"elementor-cta__content\">\n\t\t\t\t\n\t\t\t\t\t\t\t\t\t<h2 class=\"elementor-cta__title elementor-cta__content-item elementor-content-item\">\n\t\t\t\t\t\tVisitez notre Showroom \u00e0 B\u00e9tera\t\t\t\t\t<\/h2>\n\t\t\t\t\n\t\t\t\t\t\t\t\t\t<div class=\"elementor-cta__description elementor-cta__content-item elementor-content-item\">\n\t\t\t\t\t\tSi vous \u00eates architecte ou paysagiste dans la Communaut\u00e9 Valencienne, notre showroom est l'espace technique de r\u00e9f\u00e9rence pour la prescription de mat\u00e9riaux nobles, sans interm\u00e9diaires.<br>Nous sommes sp\u00e9cialistes de la vente et du conseil technique.\t\t\t\t\t<\/div>\n\t\t\t\t\n\t\t\t\t\t\t\t\t\t<div class=\"elementor-cta__button-wrapper elementor-cta__content-item elementor-content-item \">\n\t\t\t\t\t<a class=\"elementor-cta__button elementor-button elementor-size-\" href=\"https:\/\/www.google.com\/maps?gs_lcrp=EgZjaHJvbWUqDggCEEUYJxg7GIAEGIoFMgYIABBFGDwyBggBEEUYOzIOCAIQRRgnGDsYgAQYigUyBggDEEUYPDIGCAQQRRhBMgYIBRBFGEEyBggGEEUYQTIGCAcQRRg80gEIMjU2OGowajeoAgCwAgA&#038;um=1&#038;ie=UTF-8&#038;fb=1&#038;gl=es&#038;sa=X&#038;geocode=Kdmd7TgdQ2ANMZh0UZFiGGR9&#038;daddr=Carrer+Tintorers,+3,+46117+B%C3%A9tera,+Valencia\" target=\"_blank\" rel=\"nofollow\">\n\t\t\t\t\t\tCOMMENT S'Y RENDRE\t\t\t\t\t<\/a>\n\t\t\t\t\t<\/div>\n\t\t\t\t\t\t\t<\/div>\n\t\t\t\t\t\t<\/div>\n\t\t\t\t\t\t<\/div>\n\t\t\t\t<\/div>\n\t\t\t\t\t<\/div>\n\t\t<\/div>\n\t\t\t\t\t<\/div>\n\t\t<\/section>\n\t\t\t\t<section class=\"elementor-section elementor-top-section elementor-element elementor-element-726a798 elementor-section-boxed elementor-section-height-default elementor-section-height-default\" data-id=\"726a798\" data-element_type=\"section\" data-e-type=\"section\">\n\t\t\t\t\t\t<div class=\"elementor-container elementor-column-gap-default\">\n\t\t\t\t\t<div class=\"elementor-column elementor-col-100 elementor-top-column elementor-element elementor-element-1bb2ba6\" data-id=\"1bb2ba6\" data-element_type=\"column\" data-e-type=\"column\">\n\t\t\t<div class=\"elementor-widget-wrap elementor-element-populated\">\n\t\t\t\t\t\t<div class=\"elementor-element elementor-element-f0c6cf3 elementor-widget elementor-widget-gallery\" data-id=\"f0c6cf3\" data-element_type=\"widget\" data-e-type=\"widget\" data-settings=\"{&quot;overlay_title&quot;:&quot;caption&quot;,&quot;columns&quot;:2,&quot;aspect_ratio&quot;:&quot;4:3&quot;,&quot;overlay_description&quot;:&quot;alt&quot;,&quot;lazyload&quot;:&quot;yes&quot;,&quot;gallery_layout&quot;:&quot;grid&quot;,&quot;columns_tablet&quot;:2,&quot;columns_mobile&quot;:1,&quot;gap&quot;:{&quot;unit&quot;:&quot;px&quot;,&quot;size&quot;:10,&quot;sizes&quot;:[]},&quot;gap_tablet&quot;:{&quot;unit&quot;:&quot;px&quot;,&quot;size&quot;:10,&quot;sizes&quot;:[]},&quot;gap_mobile&quot;:{&quot;unit&quot;:&quot;px&quot;,&quot;size&quot;:10,&quot;sizes&quot;:[]},&quot;link_to&quot;:&quot;file&quot;,&quot;overlay_background&quot;:&quot;yes&quot;,&quot;content_hover_animation&quot;:&quot;fade-in&quot;}\" data-widget_type=\"gallery.default\">\n\t\t\t\t<div class=\"elementor-widget-container\">\n\t\t\t\t\t\t\t<div class=\"elementor-gallery__container\">\n\t\t\t\t\t\t\t<a class=\"e-gallery-item elementor-gallery-item elementor-animated-content\" href=\"https:\/\/naturpiedra.com\/fr\/blog\/wp-content\/uploads\/2026\/04\/NAP_Blog_ShowroomValencia_1_piedracaliza.jpg\" data-elementor-open-lightbox=\"yes\" data-elementor-lightbox-slideshow=\"f0c6cf3\" data-elementor-lightbox-title=\"NAP_Blog_ShowroomValencia_1_piedracaliza\" data-e-action-hash=\"#elementor-action%3Aaction%3Dlightbox%26settings%3DeyJpZCI6MTA2MSwidXJsIjoiaHR0cHM6XC9cL25hdHVycGllZHJhLmNvbVwvZnJcL2Jsb2dcL3dwLWNvbnRlbnRcL3VwbG9hZHNcLzIwMjZcLzA0XC9OQVBfQmxvZ19TaG93cm9vbVZhbGVuY2lhXzFfcGllZHJhY2FsaXphLmpwZyIsInNsaWRlc2hvdyI6ImYwYzZjZjMifQ%3D%3D\">\n\t\t\t\t\t<div class=\"e-gallery-image elementor-gallery-item__image\" data-thumbnail=\"https:\/\/naturpiedra.com\/fr\/blog\/wp-content\/uploads\/2026\/04\/NAP_Blog_ShowroomValencia_1_piedracaliza.jpg\" data-width=\"580\" data-height=\"435\" aria-label=\"\" role=\"img\" ><\/div>\n\t\t\t\t\t\t\t\t\t\t\t<div class=\"elementor-gallery-item__overlay\"><\/div>\n\t\t\t\t\t\t\t\t\t\t\t\t\t\t\t<div class=\"elementor-gallery-item__content\">\n\t\t\t\t\t\t\t\t\t\t\t<\/div>\n\t\t\t\t\t\t\t\t\t<\/a>\n\t\t\t\t\t\t\t<a class=\"e-gallery-item elementor-gallery-item elementor-animated-content\" href=\"https:\/\/naturpiedra.com\/fr\/blog\/wp-content\/uploads\/2026\/04\/NAP_Blog_ShowroomValencia_2_baldosatravertino.jpg\" data-elementor-open-lightbox=\"yes\" data-elementor-lightbox-slideshow=\"f0c6cf3\" data-elementor-lightbox-title=\"NAP_Blog_ShowroomValencia_2_baldosatravertino\" data-e-action-hash=\"#elementor-action%3Aaction%3Dlightbox%26settings%3DeyJpZCI6MTA2MiwidXJsIjoiaHR0cHM6XC9cL25hdHVycGllZHJhLmNvbVwvZnJcL2Jsb2dcL3dwLWNvbnRlbnRcL3VwbG9hZHNcLzIwMjZcLzA0XC9OQVBfQmxvZ19TaG93cm9vbVZhbGVuY2lhXzJfYmFsZG9zYXRyYXZlcnRpbm8uanBnIiwic2xpZGVzaG93IjoiZjBjNmNmMyJ9\">\n\t\t\t\t\t<div class=\"e-gallery-image elementor-gallery-item__image\" data-thumbnail=\"https:\/\/naturpiedra.com\/fr\/blog\/wp-content\/uploads\/2026\/04\/NAP_Blog_ShowroomValencia_2_baldosatravertino.jpg\" data-width=\"580\" data-height=\"435\" aria-label=\"\" role=\"img\" ><\/div>\n\t\t\t\t\t\t\t\t\t\t\t<div class=\"elementor-gallery-item__overlay\"><\/div>\n\t\t\t\t\t\t\t\t\t\t\t\t\t\t\t<div class=\"elementor-gallery-item__content\">\n\t\t\t\t\t\t\t\t\t\t\t<\/div>\n\t\t\t\t\t\t\t\t\t<\/a>\n\t\t\t\t\t\t\t<a class=\"e-gallery-item elementor-gallery-item elementor-animated-content\" href=\"https:\/\/naturpiedra.com\/fr\/blog\/wp-content\/uploads\/2026\/04\/NAP_Blog_ShowroomValencia_3_baldosamamposteria.jpg\" data-elementor-open-lightbox=\"yes\" data-elementor-lightbox-slideshow=\"f0c6cf3\" data-elementor-lightbox-title=\"NAP_Blog_ShowroomValencia_3_baldosamamposteria\" data-e-action-hash=\"#elementor-action%3Aaction%3Dlightbox%26settings%3DeyJpZCI6MTA2MywidXJsIjoiaHR0cHM6XC9cL25hdHVycGllZHJhLmNvbVwvZnJcL2Jsb2dcL3dwLWNvbnRlbnRcL3VwbG9hZHNcLzIwMjZcLzA0XC9OQVBfQmxvZ19TaG93cm9vbVZhbGVuY2lhXzNfYmFsZG9zYW1hbXBvc3RlcmlhLmpwZyIsInNsaWRlc2hvdyI6ImYwYzZjZjMifQ%3D%3D\">\n\t\t\t\t\t<div class=\"e-gallery-image elementor-gallery-item__image\" data-thumbnail=\"https:\/\/naturpiedra.com\/fr\/blog\/wp-content\/uploads\/2026\/04\/NAP_Blog_ShowroomValencia_3_baldosamamposteria.jpg\" data-width=\"580\" data-height=\"435\" aria-label=\"\" role=\"img\" ><\/div>\n\t\t\t\t\t\t\t\t\t\t\t<div class=\"elementor-gallery-item__overlay\"><\/div>\n\t\t\t\t\t\t\t\t\t\t\t\t\t\t\t<div class=\"elementor-gallery-item__content\">\n\t\t\t\t\t\t\t\t\t\t\t<\/div>\n\t\t\t\t\t\t\t\t\t<\/a>\n\t\t\t\t\t\t\t<a class=\"e-gallery-item elementor-gallery-item elementor-animated-content\" href=\"https:\/\/naturpiedra.com\/fr\/blog\/wp-content\/uploads\/2026\/04\/NAP_Blog_ShowroomValencia_4_exposicionpiedranatural.jpg\" data-elementor-open-lightbox=\"yes\" data-elementor-lightbox-slideshow=\"f0c6cf3\" data-elementor-lightbox-title=\"NAP_Blog_ShowroomValencia_4_exposicionpiedranatural\" data-e-action-hash=\"#elementor-action%3Aaction%3Dlightbox%26settings%3DeyJpZCI6MTA2NCwidXJsIjoiaHR0cHM6XC9cL25hdHVycGllZHJhLmNvbVwvZnJcL2Jsb2dcL3dwLWNvbnRlbnRcL3VwbG9hZHNcLzIwMjZcLzA0XC9OQVBfQmxvZ19TaG93cm9vbVZhbGVuY2lhXzRfZXhwb3NpY2lvbnBpZWRyYW5hdHVyYWwuanBnIiwic2xpZGVzaG93IjoiZjBjNmNmMyJ9\">\n\t\t\t\t\t<div class=\"e-gallery-image elementor-gallery-item__image\" data-thumbnail=\"https:\/\/naturpiedra.com\/fr\/blog\/wp-content\/uploads\/2026\/04\/NAP_Blog_ShowroomValencia_4_exposicionpiedranatural.jpg\" data-width=\"580\" data-height=\"435\" aria-label=\"\" role=\"img\" ><\/div>\n\t\t\t\t\t\t\t\t\t\t\t<div class=\"elementor-gallery-item__overlay\"><\/div>\n\t\t\t\t\t\t\t\t\t\t\t\t\t\t\t<div class=\"elementor-gallery-item__content\">\n\t\t\t\t\t\t\t\t\t\t\t<\/div>\n\t\t\t\t\t\t\t\t\t<\/a>\n\t\t\t\t\t<\/div>\n\t\t\t\t\t<\/div>\n\t\t\t\t<\/div>\n\t\t\t\t\t<\/div>\n\t\t<\/div>\n\t\t\t\t\t<\/div>\n\t\t<\/section>\n\t\t\t\t<section class=\"elementor-section elementor-top-section elementor-element elementor-element-a274cfa elementor-section-boxed elementor-section-height-default elementor-section-height-default\" data-id=\"a274cfa\" data-element_type=\"section\" data-e-type=\"section\">\n\t\t\t\t\t\t<div class=\"elementor-container elementor-column-gap-default\">\n\t\t\t\t\t<div class=\"elementor-column elementor-col-100 elementor-top-column elementor-element elementor-element-d4a3946\" data-id=\"d4a3946\" data-element_type=\"column\" data-e-type=\"column\">\n\t\t\t<div class=\"elementor-widget-wrap elementor-element-populated\">\n\t\t\t\t\t\t<div class=\"elementor-element elementor-element-b19620b elementor-widget elementor-widget-heading\" data-id=\"b19620b\" data-element_type=\"widget\" data-e-type=\"widget\" data-widget_type=\"heading.default\">\n\t\t\t\t<div class=\"elementor-widget-container\">\n\t\t\t\t\t<h2 class=\"elementor-heading-title elementor-size-default\">Vari\u00e9t\u00e9s de pierre naturelle disponibles imm\u00e9diatement<\/h2>\t\t\t\t<\/div>\n\t\t\t\t<\/div>\n\t\t\t\t<section class=\"elementor-section elementor-inner-section elementor-element elementor-element-b1c47ac elementor-section-full_width elementor-section-height-default elementor-section-height-default\" data-id=\"b1c47ac\" data-element_type=\"section\" data-e-type=\"section\">\n\t\t\t\t\t\t<div class=\"elementor-container elementor-column-gap-default\">\n\t\t\t\t\t<div class=\"elementor-column elementor-col-50 elementor-inner-column elementor-element elementor-element-0cace5e\" data-id=\"0cace5e\" data-element_type=\"column\" data-e-type=\"column\">\n\t\t\t<div class=\"elementor-widget-wrap elementor-element-populated\">\n\t\t\t\t\t\t<div class=\"elementor-element elementor-element-d1e156c elementor-widget elementor-widget-text-editor\" data-id=\"d1e156c\" data-element_type=\"widget\" data-e-type=\"widget\" data-widget_type=\"text-editor.default\">\n\t\t\t\t<div class=\"elementor-widget-container\">\n\t\t\t\t\t\t\t\t\t<p>Vari\u00e9t\u00e9s de pierre naturelle disponibles imm\u00e9diatement:<\/p>\t\t\t\t\t\t\t\t<\/div>\n\t\t\t\t<\/div>\n\t\t\t\t<div class=\"elementor-element elementor-element-b4b9c19 elementor-widget elementor-widget-heading\" data-id=\"b4b9c19\" data-element_type=\"widget\" data-e-type=\"widget\" data-widget_type=\"heading.default\">\n\t\t\t\t<div class=\"elementor-widget-container\">\n\t\t\t\t\t<h3 class=\"elementor-heading-title elementor-size-default\">Ma\u00e7onnerie en pierre pour murs et fa\u00e7ades<\/h3>\t\t\t\t<\/div>\n\t\t\t\t<\/div>\n\t\t\t\t<div class=\"elementor-element elementor-element-388cd19 elementor-widget elementor-widget-text-editor\" data-id=\"388cd19\" data-element_type=\"widget\" data-e-type=\"widget\" data-widget_type=\"text-editor.default\">\n\t\t\t\t<div class=\"elementor-widget-container\">\n\t\t\t\t\t\t\t\t\t<p>Pierre naturelle robuste pour <strong><a href=\"https:\/\/naturpiedra.com\/es\/fr\/opus-incertum\/\">cl\u00f4tures et rev\u00eatements ext\u00e9rieurs<\/a><\/strong>, avec la finition rustique ou contemporaine que vous recherchez.<\/p>\t\t\t\t\t\t\t\t<\/div>\n\t\t\t\t<\/div>\n\t\t\t\t<div class=\"elementor-element elementor-element-ec698e1 elementor-widget elementor-widget-heading\" data-id=\"ec698e1\" data-element_type=\"widget\" data-e-type=\"widget\" data-widget_type=\"heading.default\">\n\t\t\t\t<div class=\"elementor-widget-container\">\n\t\t\t\t\t<h3 class=\"elementor-heading-title elementor-size-default\">Travertins et calcaires<\/h3>\t\t\t\t<\/div>\n\t\t\t\t<\/div>\n\t\t\t\t<div class=\"elementor-element elementor-element-f769dfc elementor-widget elementor-widget-text-editor\" data-id=\"f769dfc\" data-element_type=\"widget\" data-e-type=\"widget\" data-widget_type=\"text-editor.default\">\n\t\t\t\t<div class=\"elementor-widget-container\">\n\t\t\t\t\t\t\t\t\t<p>L\u2019\u00e9l\u00e9gance pour <a href=\"https:\/\/naturpiedra.com\/es\/travertino-y-marmoles\/\"><strong>les sols int\u00e9rieurs et ext\u00e9rieurs<\/strong><\/a>. Des mat\u00e9riaux s\u00e9lectionn\u00e9s pour leur durabilit\u00e9 et leur faible porosit\u00e9.<\/p>\t\t\t\t\t\t\t\t<\/div>\n\t\t\t\t<\/div>\n\t\t\t\t<div class=\"elementor-element elementor-element-677b1b3 elementor-widget elementor-widget-heading\" data-id=\"677b1b3\" data-element_type=\"widget\" data-e-type=\"widget\" data-widget_type=\"heading.default\">\n\t\t\t\t<div class=\"elementor-widget-container\">\n\t\t\t\t\t<h3 class=\"elementor-heading-title elementor-size-default\">Pierre pour piscines et am\u00e9nagements paysagers<\/h3>\t\t\t\t<\/div>\n\t\t\t\t<\/div>\n\t\t\t\t<div class=\"elementor-element elementor-element-361207a elementor-widget elementor-widget-text-editor\" data-id=\"361207a\" data-element_type=\"widget\" data-e-type=\"widget\" data-widget_type=\"text-editor.default\">\n\t\t\t\t<div class=\"elementor-widget-container\">\n\t\t\t\t\t\t\t\t\t<p data-start=\"2020\" data-end=\"2225\">Margelles de piscine, pas japonais de jardin et enrochement d\u00e9coratif. Des solutions esth\u00e9tiques qui r\u00e9sistent au temps et au soleil du Levant espagnol.<\/p>\t\t\t\t\t\t\t\t<\/div>\n\t\t\t\t<\/div>\n\t\t\t\t\t<\/div>\n\t\t<\/div>\n\t\t\t\t<div class=\"elementor-column elementor-col-50 elementor-inner-column elementor-element elementor-element-480c94f\" data-id=\"480c94f\" data-element_type=\"column\" data-e-type=\"column\" data-settings=\"{&quot;background_background&quot;:&quot;classic&quot;}\">\n\t\t\t<div class=\"elementor-widget-wrap elementor-element-populated\">\n\t\t\t\t\t\t<div class=\"elementor-element elementor-element-7e89837 elementor-cta--skin-cover elementor-widget elementor-widget-call-to-action\" data-id=\"7e89837\" data-element_type=\"widget\" data-e-type=\"widget\" data-widget_type=\"call-to-action.default\">\n\t\t\t\t<div class=\"elementor-widget-container\">\n\t\t\t\t\t\t\t<div class=\"elementor-cta\">\n\t\t\t\t\t<div class=\"elementor-cta__bg-wrapper\">\n\t\t\t\t<div class=\"elementor-cta__bg elementor-bg\" style=\"background-image: url();\" role=\"img\" aria-label=\"\"><\/div>\n\t\t\t\t<div class=\"elementor-cta__bg-overlay\"><\/div>\n\t\t\t<\/div>\n\t\t\t\t\t\t\t<div class=\"elementor-cta__content\">\n\t\t\t\t\n\t\t\t\t\t\t\t\t\t<h2 class=\"elementor-cta__title elementor-cta__content-item elementor-content-item\">\n\t\t\t\t\t\tQue vous soyez un particulier \u00e0 la recherche de la pierre id\u00e9ale pour votre jardin ou un architecte avec un projet de grande envergure, nous sommes l\u00e0 pour vous accompagner.\t\t\t\t\t<\/h2>\n\t\t\t\t\n\t\t\t\t\n\t\t\t\t\t\t\t\t\t<div class=\"elementor-cta__button-wrapper elementor-cta__content-item elementor-content-item \">\n\t\t\t\t\t<a class=\"elementor-cta__button elementor-button elementor-size-\" href=\"mailto:naturpiedra@naturpiedra.com?subject=Naturpiedra%20Valencia%20|%20Demander%20un%20devis\" target=\"_blank\" rel=\"nofollow\">\n\t\t\t\t\t\tDEMANDER UN DEVIS\t\t\t\t\t<\/a>\n\t\t\t\t\t<\/div>\n\t\t\t\t\t\t\t<\/div>\n\t\t\t\t\t\t<\/div>\n\t\t\t\t\t\t<\/div>\n\t\t\t\t<\/div>\n\t\t\t\t\t<\/div>\n\t\t<\/div>\n\t\t\t\t\t<\/div>\n\t\t<\/section>\n\t\t\t\t\t<\/div>\n\t\t<\/div>\n\t\t\t\t\t<\/div>\n\t\t<\/section>\n\t\t\t\t<section class=\"elementor-section elementor-top-section elementor-element elementor-element-775a4c1 elementor-section-boxed elementor-section-height-default elementor-section-height-default\" data-id=\"775a4c1\" data-element_type=\"section\" data-e-type=\"section\">\n\t\t\t\t\t\t<div class=\"elementor-container elementor-column-gap-default\">\n\t\t\t\t\t<div class=\"elementor-column elementor-col-100 elementor-top-column elementor-element elementor-element-85676dd\" data-id=\"85676dd\" data-element_type=\"column\" data-e-type=\"column\">\n\t\t\t<div class=\"elementor-widget-wrap elementor-element-populated\">\n\t\t\t\t\t\t<div class=\"elementor-element elementor-element-8e5d7f0 elementor-widget elementor-widget-heading\" data-id=\"8e5d7f0\" data-element_type=\"widget\" data-e-type=\"widget\" data-widget_type=\"heading.default\">\n\t\t\t\t<div class=\"elementor-widget-container\">\n\t\t\t\t\t<h2 class=\"elementor-heading-title elementor-size-default\">Pourquoi Naturpiedra est-elle la r\u00e9f\u00e9rence en pierre naturelle \u00e0 Valence ?<\/h2>\t\t\t\t<\/div>\n\t\t\t\t<\/div>\n\t\t\t\t<div class=\"elementor-element elementor-element-50d42f6 elementor-widget elementor-widget-text-editor\" data-id=\"50d42f6\" data-element_type=\"widget\" data-e-type=\"widget\" data-widget_type=\"text-editor.default\">\n\t\t\t\t<div class=\"elementor-widget-container\">\n\t\t\t\t\t\t\t\t\t<p>Vivez l\u2019exp\u00e9rience Naturpiedra dans notre showroom de B\u00e9tera : une v\u00e9ritable exp\u00e9rience technique, fond\u00e9e sur le conseil expert :<\/p>\t\t\t\t\t\t\t\t<\/div>\n\t\t\t\t<\/div>\n\t\t\t\t<div class=\"elementor-element elementor-element-3977289 elementor-widget elementor-widget-text-editor\" data-id=\"3977289\" data-element_type=\"widget\" data-e-type=\"widget\" data-widget_type=\"text-editor.default\">\n\t\t\t\t<div class=\"elementor-widget-container\">\n\t\t\t\t\t\t\t\t\t<ul><li data-start=\"2644\" data-end=\"2836\"><strong data-start=\"2647\" data-end=\"2680\">Exposition \u00e0 grande \u00e9chelle :<\/strong> vous ne verrez pas un simple \u00e9chantillon ; vous verrez de v\u00e9ritables pi\u00e8ces mises en sc\u00e8ne dans notre showroom, afin d\u2019appr\u00e9cier le veinage et la tonalit\u00e9.<\/li><li data-start=\"2837\" data-end=\"3040\"><strong data-start=\"2840\" data-end=\"2862\">Conseil d\u2019expert :<\/strong> nous r\u00e9pondons \u00e0 vos questions sans engagement, sur les formats, les finitions et les traitements n\u00e9cessaires pour la pierre dans les zones c\u00f4ti\u00e8res ou \u00e0 l\u2019int\u00e9rieur des terres.<\/li><li data-start=\"3041\" data-end=\"3227\"><strong data-start=\"3044\" data-end=\"3092\">Logistique efficace dans toute la province :<\/strong> gr\u00e2ce \u00e0 notre emplacement strat\u00e9gique \u00e0 proximit\u00e9 de l\u2019autoroute A-7, nous livrons rapidement en tout point de la province de Valence.<\/li><\/ul>\t\t\t\t\t\t\t\t<\/div>\n\t\t\t\t<\/div>\n\t\t\t\t\t<\/div>\n\t\t<\/div>\n\t\t\t\t\t<\/div>\n\t\t<\/section>\n\t\t\t\t<section class=\"elementor-section elementor-top-section elementor-element elementor-element-6a0cbdd elementor-section-boxed elementor-section-height-default elementor-section-height-default\" data-id=\"6a0cbdd\" data-element_type=\"section\" data-e-type=\"section\">\n\t\t\t\t\t\t<div class=\"elementor-container elementor-column-gap-default\">\n\t\t\t\t\t<div class=\"elementor-column elementor-col-50 elementor-top-column elementor-element elementor-element-da2b3a7\" data-id=\"da2b3a7\" data-element_type=\"column\" data-e-type=\"column\">\n\t\t\t<div class=\"elementor-widget-wrap elementor-element-populated\">\n\t\t\t\t\t\t<div class=\"elementor-element elementor-element-b3a5fdb elementor-widget elementor-widget-image\" data-id=\"b3a5fdb\" data-element_type=\"widget\" data-e-type=\"widget\" data-widget_type=\"image.default\">\n\t\t\t\t<div class=\"elementor-widget-container\">\n\t\t\t\t\t\t\t\t\t\t\t\t\t\t\t<img decoding=\"async\" width=\"580\" height=\"435\" src=\"https:\/\/naturpiedra.com\/fr\/blog\/wp-content\/uploads\/2026\/04\/NAP_Blog_ShowroomValencia_5_piedrablancajardin.jpg\" class=\"attachment-large size-large wp-image-1065\" alt=\"\" srcset=\"https:\/\/naturpiedra.com\/fr\/blog\/wp-content\/uploads\/2026\/04\/NAP_Blog_ShowroomValencia_5_piedrablancajardin.jpg 580w, https:\/\/naturpiedra.com\/fr\/blog\/wp-content\/uploads\/2026\/04\/NAP_Blog_ShowroomValencia_5_piedrablancajardin-300x225.jpg 300w\" sizes=\"(max-width: 580px) 100vw, 580px\" \/>\t\t\t\t\t\t\t\t\t\t\t\t\t\t\t<\/div>\n\t\t\t\t<\/div>\n\t\t\t\t\t<\/div>\n\t\t<\/div>\n\t\t\t\t<div class=\"elementor-column elementor-col-50 elementor-top-column elementor-element elementor-element-7a95d63\" data-id=\"7a95d63\" data-element_type=\"column\" data-e-type=\"column\">\n\t\t\t<div class=\"elementor-widget-wrap elementor-element-populated\">\n\t\t\t\t\t\t<div class=\"elementor-element elementor-element-0b119a0 elementor-widget elementor-widget-image\" data-id=\"0b119a0\" data-element_type=\"widget\" data-e-type=\"widget\" data-widget_type=\"image.default\">\n\t\t\t\t<div class=\"elementor-widget-container\">\n\t\t\t\t\t\t\t\t\t\t\t\t\t\t\t<img loading=\"lazy\" decoding=\"async\" width=\"580\" height=\"435\" src=\"https:\/\/naturpiedra.com\/fr\/blog\/wp-content\/uploads\/2026\/04\/NAP_Blog_ShowroomValencia_6_cantorodadonegro.jpg\" class=\"attachment-large size-large wp-image-1059\" alt=\"\" srcset=\"https:\/\/naturpiedra.com\/fr\/blog\/wp-content\/uploads\/2026\/04\/NAP_Blog_ShowroomValencia_6_cantorodadonegro.jpg 580w, https:\/\/naturpiedra.com\/fr\/blog\/wp-content\/uploads\/2026\/04\/NAP_Blog_ShowroomValencia_6_cantorodadonegro-300x225.jpg 300w\" sizes=\"(max-width: 580px) 100vw, 580px\" \/>\t\t\t\t\t\t\t\t\t\t\t\t\t\t\t<\/div>\n\t\t\t\t<\/div>\n\t\t\t\t\t<\/div>\n\t\t<\/div>\n\t\t\t\t\t<\/div>\n\t\t<\/section>\n\t\t\t\t<section class=\"elementor-section elementor-top-section elementor-element elementor-element-e1bf375 elementor-section-boxed elementor-section-height-default elementor-section-height-default\" data-id=\"e1bf375\" data-element_type=\"section\" data-e-type=\"section\">\n\t\t\t\t\t\t<div class=\"elementor-container elementor-column-gap-default\">\n\t\t\t\t\t<div class=\"elementor-column elementor-col-100 elementor-top-column elementor-element elementor-element-58bd0d4\" data-id=\"58bd0d4\" data-element_type=\"column\" data-e-type=\"column\">\n\t\t\t<div class=\"elementor-widget-wrap elementor-element-populated\">\n\t\t\t\t\t\t<div class=\"elementor-element elementor-element-0fbe6fc elementor-widget elementor-widget-heading\" data-id=\"0fbe6fc\" data-element_type=\"widget\" data-e-type=\"widget\" data-widget_type=\"heading.default\">\n\t\t\t\t<div class=\"elementor-widget-container\">\n\t\t\t\t\t<h2 class=\"elementor-heading-title elementor-size-default\">Questions fr\u00e9quentes<\/h2>\t\t\t\t<\/div>\n\t\t\t\t<\/div>\n\t\t\t\t<div class=\"elementor-element elementor-element-8c53107 elementor-widget elementor-widget-toggle\" data-id=\"8c53107\" data-element_type=\"widget\" data-e-type=\"widget\" data-widget_type=\"toggle.default\">\n\t\t\t\t<div class=\"elementor-widget-container\">\n\t\t\t\t\t\t\t<div class=\"elementor-toggle\">\n\t\t\t\t\t\t\t<div class=\"elementor-toggle-item\">\n\t\t\t\t\t<h3 id=\"elementor-tab-title-1471\" class=\"elementor-tab-title\" data-tab=\"1\" role=\"button\" aria-controls=\"elementor-tab-content-1471\" aria-expanded=\"false\">\n\t\t\t\t\t\t\t\t\t\t\t\t<span class=\"elementor-toggle-icon elementor-toggle-icon-right\" aria-hidden=\"true\">\n\t\t\t\t\t\t\t\t\t\t\t\t\t\t\t<span class=\"elementor-toggle-icon-closed\"><i class=\"fas fa-caret-right\"><\/i><\/span>\n\t\t\t\t\t\t\t\t<span class=\"elementor-toggle-icon-opened\"><i class=\"elementor-toggle-icon-opened fas fa-caret-up\"><\/i><\/span>\n\t\t\t\t\t\t\t\t\t\t\t\t\t<\/span>\n\t\t\t\t\t\t\t\t\t\t\t\t<a class=\"elementor-toggle-title\" tabindex=\"0\">O\u00f9 puis-je acheter de la pierre naturelle \u00e0 Valence directement depuis un d\u00e9p\u00f4t?<\/a>\n\t\t\t\t\t<\/h3>\n\n\t\t\t\t\t<div id=\"elementor-tab-content-1471\" class=\"elementor-tab-content elementor-clearfix\" data-tab=\"1\" role=\"region\" aria-labelledby=\"elementor-tab-title-1471\"><p>Dans notre showroom Naturpiedra de B\u00e9tera (Valence), nous proposons la vente directe de pierre naturelle, de travertin et de calcaire. Nous disposons de plus de 15 000 m\u00b2 de stock pour les particuliers et les professionnels qui souhaitent voir le mat\u00e9riau avant de l\u2019acheter.<\/p><\/div>\n\t\t\t\t<\/div>\n\t\t\t\t\t\t\t<div class=\"elementor-toggle-item\">\n\t\t\t\t\t<h3 id=\"elementor-tab-title-1472\" class=\"elementor-tab-title\" data-tab=\"2\" role=\"button\" aria-controls=\"elementor-tab-content-1472\" aria-expanded=\"false\">\n\t\t\t\t\t\t\t\t\t\t\t\t<span class=\"elementor-toggle-icon elementor-toggle-icon-right\" aria-hidden=\"true\">\n\t\t\t\t\t\t\t\t\t\t\t\t\t\t\t<span class=\"elementor-toggle-icon-closed\"><i class=\"fas fa-caret-right\"><\/i><\/span>\n\t\t\t\t\t\t\t\t<span class=\"elementor-toggle-icon-opened\"><i class=\"elementor-toggle-icon-opened fas fa-caret-up\"><\/i><\/span>\n\t\t\t\t\t\t\t\t\t\t\t\t\t<\/span>\n\t\t\t\t\t\t\t\t\t\t\t\t<a class=\"elementor-toggle-title\" tabindex=\"0\">Quel type de pierre est le plus adapt\u00e9 pour une piscine dans la r\u00e9gion de Valence?<\/a>\n\t\t\t\t\t<\/h3>\n\n\t\t\t\t\t<div id=\"elementor-tab-content-1472\" class=\"elementor-tab-content elementor-clearfix\" data-tab=\"2\" role=\"region\" aria-labelledby=\"elementor-tab-title-1472\"><p>Pour le climat m\u00e9diterran\u00e9en de Valence, nous recommandons les calcaires et les travertins pour leur faible absorption thermique et leur durabilit\u00e9. Dans notre showroom de B\u00e9tera, vous pouvez comparer des textures antid\u00e9rapantes id\u00e9ales pour les plages de piscine et les espaces ext\u00e9rieurs.<\/p><\/div>\n\t\t\t\t<\/div>\n\t\t\t\t\t\t\t<div class=\"elementor-toggle-item\">\n\t\t\t\t\t<h3 id=\"elementor-tab-title-1473\" class=\"elementor-tab-title\" data-tab=\"3\" role=\"button\" aria-controls=\"elementor-tab-content-1473\" aria-expanded=\"false\">\n\t\t\t\t\t\t\t\t\t\t\t\t<span class=\"elementor-toggle-icon elementor-toggle-icon-right\" aria-hidden=\"true\">\n\t\t\t\t\t\t\t\t\t\t\t\t\t\t\t<span class=\"elementor-toggle-icon-closed\"><i class=\"fas fa-caret-right\"><\/i><\/span>\n\t\t\t\t\t\t\t\t<span class=\"elementor-toggle-icon-opened\"><i class=\"elementor-toggle-icon-opened fas fa-caret-up\"><\/i><\/span>\n\t\t\t\t\t\t\t\t\t\t\t\t\t<\/span>\n\t\t\t\t\t\t\t\t\t\t\t\t<a class=\"elementor-toggle-title\" tabindex=\"0\">Quels sont les avantages du travertin pour les ext\u00e9rieurs \u00e0 Valence?<\/a>\n\t\t\t\t\t<\/h3>\n\n\t\t\t\t\t<div id=\"elementor-tab-content-1473\" class=\"elementor-tab-content elementor-clearfix\" data-tab=\"3\" role=\"region\" aria-labelledby=\"elementor-tab-title-1473\"><p data-start=\"4002\" data-end=\"4483\">Le travertin est l\u2019un de nos produits les plus demand\u00e9s dans le showroom de B\u00e9tera en raison de son excellent comportement face au soleil de Valence.<br data-start=\"4227\" data-end=\"4230\" \/>C\u2019est une pierre qui n\u2019emmagasine pas excessivement la chaleur et qui, lorsqu\u2019elle est correctement trait\u00e9e, offre une surface antid\u00e9rapante id\u00e9ale pour les terrasses et les margelles de piscine dans des urbanisations comme Torre en Conill ou La Eliana.<\/p><p data-start=\"4485\" data-end=\"4700\">Un autre de ses avantages est son prix tr\u00e8s comp\u00e9titif par rapport \u00e0 d\u2019autres mat\u00e9riaux, d\u2019autant plus qu\u2019il reste tr\u00e8s accessible au regard de sa grande duret\u00e9 et de ses excellentes performances physico-m\u00e9caniques.<\/p><\/div>\n\t\t\t\t<\/div>\n\t\t\t\t\t\t\t<div class=\"elementor-toggle-item\">\n\t\t\t\t\t<h3 id=\"elementor-tab-title-1474\" class=\"elementor-tab-title\" data-tab=\"4\" role=\"button\" aria-controls=\"elementor-tab-content-1474\" aria-expanded=\"false\">\n\t\t\t\t\t\t\t\t\t\t\t\t<span class=\"elementor-toggle-icon elementor-toggle-icon-right\" aria-hidden=\"true\">\n\t\t\t\t\t\t\t\t\t\t\t\t\t\t\t<span class=\"elementor-toggle-icon-closed\"><i class=\"fas fa-caret-right\"><\/i><\/span>\n\t\t\t\t\t\t\t\t<span class=\"elementor-toggle-icon-opened\"><i class=\"elementor-toggle-icon-opened fas fa-caret-up\"><\/i><\/span>\n\t\t\t\t\t\t\t\t\t\t\t\t\t<\/span>\n\t\t\t\t\t\t\t\t\t\t\t\t<a class=\"elementor-toggle-title\" tabindex=\"0\">Disposez-vous de stock de pierre de ma\u00e7onnerie dans votre d\u00e9p\u00f4t?<\/a>\n\t\t\t\t\t<\/h3>\n\n\t\t\t\t\t<div id=\"elementor-tab-content-1474\" class=\"elementor-tab-content elementor-clearfix\" data-tab=\"4\" role=\"region\" aria-labelledby=\"elementor-tab-title-1474\"><p data-start=\"4702\" data-end=\"5168\">Oui, nous disposons d\u2019une large exposition de pierre naturelle de ma\u00e7onnerie dans diff\u00e9rents formats et tonalit\u00e9s, allant des tons blancs et cr\u00e8me aux nuances oxyd\u00e9es et grises. Chez Naturpiedra Valencia, nous fournissons le mat\u00e9riau sur palettes pr\u00eates au transport, id\u00e9ales pour les murs de cl\u00f4ture, les fa\u00e7ades ventil\u00e9es ou les projets d\u2019am\u00e9nagement paysager rustique dans toute la province.<\/p><\/div>\n\t\t\t\t<\/div>\n\t\t\t\t\t\t\t<div class=\"elementor-toggle-item\">\n\t\t\t\t\t<h3 id=\"elementor-tab-title-1475\" class=\"elementor-tab-title\" data-tab=\"5\" role=\"button\" aria-controls=\"elementor-tab-content-1475\" aria-expanded=\"false\">\n\t\t\t\t\t\t\t\t\t\t\t\t<span class=\"elementor-toggle-icon elementor-toggle-icon-right\" aria-hidden=\"true\">\n\t\t\t\t\t\t\t\t\t\t\t\t\t\t\t<span class=\"elementor-toggle-icon-closed\"><i class=\"fas fa-caret-right\"><\/i><\/span>\n\t\t\t\t\t\t\t\t<span class=\"elementor-toggle-icon-opened\"><i class=\"elementor-toggle-icon-opened fas fa-caret-up\"><\/i><\/span>\n\t\t\t\t\t\t\t\t\t\t\t\t\t<\/span>\n\t\t\t\t\t\t\t\t\t\t\t\t<a class=\"elementor-toggle-title\" tabindex=\"0\">Pourquoi choisir la pierre calcaire pour des projets d\u2019architecture \u00e0 Valence?<\/a>\n\t\t\t\t\t<\/h3>\n\n\t\t\t\t\t<div id=\"elementor-tab-content-1475\" class=\"elementor-tab-content elementor-clearfix\" data-tab=\"5\" role=\"region\" aria-labelledby=\"elementor-tab-title-1475\"><p>Le <strong>calcaire<\/strong> est la pierre phare pour ceux qui recherchent une finition minimaliste et moderne. Dans notre d\u00e9p\u00f4t de Valence, nous proposons des calcaires \u00e0 grain fin et aux tons homog\u00e8nes, qui apportent une grande luminosit\u00e9. C\u2019est un mat\u00e9riau tr\u00e8s polyvalent pour les rev\u00eatements, parfaitement en accord avec le style architectural m\u00e9diterran\u00e9en de la r\u00e9gion de Valence et de ses environs.<\/p><\/div>\n\t\t\t\t<\/div>\n\t\t\t\t\t\t\t<div class=\"elementor-toggle-item\">\n\t\t\t\t\t<h3 id=\"elementor-tab-title-1476\" class=\"elementor-tab-title\" data-tab=\"6\" role=\"button\" aria-controls=\"elementor-tab-content-1476\" aria-expanded=\"false\">\n\t\t\t\t\t\t\t\t\t\t\t\t<span class=\"elementor-toggle-icon elementor-toggle-icon-right\" aria-hidden=\"true\">\n\t\t\t\t\t\t\t\t\t\t\t\t\t\t\t<span class=\"elementor-toggle-icon-closed\"><i class=\"fas fa-caret-right\"><\/i><\/span>\n\t\t\t\t\t\t\t\t<span class=\"elementor-toggle-icon-opened\"><i class=\"elementor-toggle-icon-opened fas fa-caret-up\"><\/i><\/span>\n\t\t\t\t\t\t\t\t\t\t\t\t\t<\/span>\n\t\t\t\t\t\t\t\t\t\t\t\t<a class=\"elementor-toggle-title\" tabindex=\"0\">Puis-je emporter des \u00e9chantillons de travertin ou de calcaire lors de ma visite au showroom?<\/a>\n\t\t\t\t\t<\/h3>\n\n\t\t\t\t\t<div id=\"elementor-tab-content-1476\" class=\"elementor-tab-content elementor-clearfix\" data-tab=\"6\" role=\"region\" aria-labelledby=\"elementor-tab-title-1476\"><p>Pour faciliter la prise de d\u00e9cision dans votre projet, nous mettons g\u00e9n\u00e9ralement des \u00e9chantillons \u00e0 disposition des professionnels et des particuliers dans notre showroom de B\u00e9tera. Cela vous permet d&#8217;observer comment la lumi\u00e8re naturelle de votre environnement interagit avec la texture et la couleur de la pierre choisie avant de confirmer l&#8217;achat de l&#8217;ensemble de votre commande.<\/p><\/div>\n\t\t\t\t<\/div>\n\t\t\t\t\t\t\t\t<\/div>\n\t\t\t\t\t\t<\/div>\n\t\t\t\t<\/div>\n\t\t\t\t<div class=\"elementor-element elementor-element-2c2a6ff elementor-widget elementor-widget-html\" data-id=\"2c2a6ff\" data-element_type=\"widget\" data-e-type=\"widget\" data-widget_type=\"html.default\">\n\t\t\t\t<div class=\"elementor-widget-container\">\n\t\t\t\t\t<script type=\"application\/ld+json\">\r\n{\r\n  \"@context\": \"https:\/\/schema.org\",\r\n  \"@type\": \"FAQPage\",\r\n  \"mainEntity\": [\r\n    {\r\n      \"@type\": \"Question\",\r\n      \"name\": \"O\u00f9 puis-je acheter de la pierre naturelle \u00e0 Valence directement depuis un d\u00e9p\u00f4t ?\",\r\n      \"acceptedAnswer\": {\r\n        \"@type\": \"Answer\",\r\n        \"text\": \"Dans notre showroom Naturpiedra de B\u00e9tera (Valence), nous proposons la vente directe de pierre naturelle, de travertin et de calcaire. Nous disposons de plus de 15 000 m\u00b2 de stock pour les particuliers et les professionnels.\"\r\n      }\r\n    },\r\n    {\r\n      \"@type\": \"Question\",\r\n      \"name\": \"Quel type de pierre est le plus adapt\u00e9 pour une piscine dans la r\u00e9gion de Valence ?\",\r\n      \"acceptedAnswer\": {\r\n        \"@type\": \"Answer\",\r\n        \"text\": \"Pour le climat m\u00e9diterran\u00e9en de Valence, nous recommandons les calcaires et les travertins pour leur faible absorption thermique et leur durabilit\u00e9. Vous pouvez comparer des textures antid\u00e9rapantes id\u00e9ales pour les plages de piscine.\"\r\n      }\r\n    },\r\n    {\r\n      \"@type\": \"Question\",\r\n      \"name\": \"Quels sont les avantages du travertin pour les ext\u00e9rieurs \u00e0 Valence ?\",\r\n      \"acceptedAnswer\": {\r\n        \"@type\": \"Answer\",\r\n        \"text\": \"Le travertin offre un excellent comportement face au soleil de Valence car il n'emmagasine pas excessivement la chaleur. Correctement trait\u00e9, il offre une surface antid\u00e9rapante id\u00e9ale pour les terrasses et margelles de piscine. De plus, son prix est tr\u00e8s comp\u00e9titif.\"\r\n      }\r\n    },\r\n    {\r\n      \"@type\": \"Question\",\r\n      \"name\": \"Disposez-vous de stock de pierre de ma\u00e7onnerie dans votre d\u00e9p\u00f4t ?\",\r\n      \"acceptedAnswer\": {\r\n        \"@type\": \"Answer\",\r\n        \"text\": \"Oui, nous disposons d\u2019une large exposition de pierre naturelle de ma\u00e7onnerie dans diff\u00e9rents formats et tonalit\u00e9s (blancs, cr\u00e8mes, nuances oxyd\u00e9es et grises), fournis sur palettes pr\u00eates au transport.\"\r\n      }\r\n    },\r\n    {\r\n      \"@type\": \"Question\",\r\n      \"name\": \"Pourquoi choisir la pierre calcaire pour des projets d\u2019architecture \u00e0 Valence ?\",\r\n      \"acceptedAnswer\": {\r\n        \"@type\": \"Answer\",\r\n        \"text\": \"Le calcaire est la pierre phare pour une finition minimaliste et moderne. Nous proposons des calcaires \u00e0 grain fin et aux tons homog\u00e8nes qui apportent une grande luminosit\u00e9 et s'accordent avec le style architectural m\u00e9diterran\u00e9en.\"\r\n      }\r\n    },\r\n    {\r\n      \"@type\": \"Question\",\r\n      \"name\": \"Puis-je emporter des \u00e9chantillons de travertin ou de calcaire lors de ma visite au showroom ?\",\r\n      \"acceptedAnswer\": {\r\n        \"@type\": \"Answer\",\r\n        \"text\": \"Pour faciliter la prise de d\u00e9cision dans votre projet, nous mettons g\u00e9n\u00e9ralement des \u00e9chantillons \u00e0 disposition des professionnels et des particuliers dans notre showroom de B\u00e9tera. Cela vous permet d'observer comment la lumi\u00e8re naturelle de votre environnement interagit avec la texture et la couleur de la pierre choisie avant de confirmer l'achat de l'ensemble de votre commande.\"\r\n      }\r\n    }\r\n  ]\r\n}\r\n<\/script>\t\t\t\t<\/div>\n\t\t\t\t<\/div>\n\t\t\t\t\t<\/div>\n\t\t<\/div>\n\t\t\t\t\t<\/div>\n\t\t<\/section>\n\t\t\t\t<\/div>\n\t\t","protected":false},"excerpt":{"rendered":"<p>Si vous envisagez une r\u00e9novation, la construction d\u2019une maison individuelle ou un projet d\u2019am\u00e9nagement paysager dans la Communaut\u00e9 valencienne, chez Naturpiedra, nous venons d\u2019inaugurer notre nouveau d\u00e9p\u00f4t de pierre naturelle \u00e0 B\u00e9tera, dans la province de Valence.<\/p>\n","protected":false},"author":2,"featured_media":1066,"comment_status":"open","ping_status":"open","sticky":false,"template":"","format":"standard","meta":{"footnotes":""},"categories":[1],"tags":[],"class_list":["post-1058","post","type-post","status-publish","format-standard","has-post-thumbnail","hentry","category-uncategorized"],"_links":{"self":[{"href":"https:\/\/naturpiedra.com\/fr\/blog\/wp-json\/wp\/v2\/posts\/1058","targetHints":{"allow":["GET"]}}],"collection":[{"href":"https:\/\/naturpiedra.com\/fr\/blog\/wp-json\/wp\/v2\/posts"}],"about":[{"href":"https:\/\/naturpiedra.com\/fr\/blog\/wp-json\/wp\/v2\/types\/post"}],"author":[{"embeddable":true,"href":"https:\/\/naturpiedra.com\/fr\/blog\/wp-json\/wp\/v2\/users\/2"}],"replies":[{"embeddable":true,"href":"https:\/\/naturpiedra.com\/fr\/blog\/wp-json\/wp\/v2\/comments?post=1058"}],"version-history":[{"count":33,"href":"https:\/\/naturpiedra.com\/fr\/blog\/wp-json\/wp\/v2\/posts\/1058\/revisions"}],"predecessor-version":[{"id":1104,"href":"https:\/\/naturpiedra.com\/fr\/blog\/wp-json\/wp\/v2\/posts\/1058\/revisions\/1104"}],"wp:featuredmedia":[{"embeddable":true,"href":"https:\/\/naturpiedra.com\/fr\/blog\/wp-json\/wp\/v2\/media\/1066"}],"wp:attachment":[{"href":"https:\/\/naturpiedra.com\/fr\/blog\/wp-json\/wp\/v2\/media?parent=1058"}],"wp:term":[{"taxonomy":"category","embeddable":true,"href":"https:\/\/naturpiedra.com\/fr\/blog\/wp-json\/wp\/v2\/categories?post=1058"},{"taxonomy":"post_tag","embeddable":true,"href":"https:\/\/naturpiedra.com\/fr\/blog\/wp-json\/wp\/v2\/tags?post=1058"}],"curies":[{"name":"wp","href":"https:\/\/api.w.org\/{rel}","templated":true}]}}