{"id":69368,"date":"2024-10-02T07:36:56","date_gmt":"2024-10-02T07:36:56","guid":{"rendered":"https:\/\/naturpiedra.com\/es\/?p=69368"},"modified":"2024-10-02T08:18:10","modified_gmt":"2024-10-02T08:18:10","slug":"naturpiedra-marmomac","status":"publish","type":"post","link":"https:\/\/naturpiedra.com\/es\/naturpiedra-marmomac\/","title":{"rendered":"NATURPIEDRA EN MARMO+MAC 2024"},"content":{"rendered":"\t\t<div data-elementor-type=\"wp-post\" data-elementor-id=\"69368\" class=\"elementor elementor-69368\" data-elementor-post-type=\"post\">\n\t\t\t\t\t\t<section class=\"elementor-section elementor-top-section elementor-element elementor-element-d0f3bac elementor-section-boxed elementor-section-height-default elementor-section-height-default\" data-id=\"d0f3bac\" data-element_type=\"section\" data-e-type=\"section\">\n\t\t\t\t\t\t<div class=\"elementor-container elementor-column-gap-default\">\n\t\t\t\t\t<div class=\"elementor-column elementor-col-100 elementor-top-column elementor-element elementor-element-584a43f\" data-id=\"584a43f\" data-element_type=\"column\" data-e-type=\"column\">\n\t\t\t<div class=\"elementor-widget-wrap elementor-element-populated\">\n\t\t\t\t\t\t<div class=\"elementor-element elementor-element-ef8a57f elementor-widget elementor-widget-image\" data-id=\"ef8a57f\" data-element_type=\"widget\" data-e-type=\"widget\" data-widget_type=\"image.default\">\n\t\t\t\t<div class=\"elementor-widget-container\">\n\t\t\t\t\t\t\t\t\t\t\t\t\t\t\t<img fetchpriority=\"high\" decoding=\"async\" width=\"1200\" height=\"400\" src=\"https:\/\/naturpiedra.com\/es\/wp-content\/uploads\/blog-marmomac-24-naturpiedra.jpg\" class=\"attachment-full size-full wp-image-69378\" alt=\"naturpiedra participante en marmomac 24 feria de la piedra\" srcset=\"https:\/\/naturpiedra.com\/es\/wp-content\/uploads\/blog-marmomac-24-naturpiedra.jpg 1200w, https:\/\/naturpiedra.com\/es\/wp-content\/uploads\/blog-marmomac-24-naturpiedra-419x140.jpg 419w, https:\/\/naturpiedra.com\/es\/wp-content\/uploads\/blog-marmomac-24-naturpiedra-900x300.jpg 900w, https:\/\/naturpiedra.com\/es\/wp-content\/uploads\/blog-marmomac-24-naturpiedra-309x103.jpg 309w, https:\/\/naturpiedra.com\/es\/wp-content\/uploads\/blog-marmomac-24-naturpiedra-413x138.jpg 413w\" sizes=\"(max-width: 1200px) 100vw, 1200px\" \/>\t\t\t\t\t\t\t\t\t\t\t\t\t\t\t<\/div>\n\t\t\t\t<\/div>\n\t\t\t\t\t<\/div>\n\t\t<\/div>\n\t\t\t\t\t<\/div>\n\t\t<\/section>\n\t\t\t\t<section class=\"elementor-section elementor-top-section elementor-element elementor-element-f6ecca3 elementor-section-boxed elementor-section-height-default elementor-section-height-default\" data-id=\"f6ecca3\" data-element_type=\"section\" data-e-type=\"section\">\n\t\t\t\t\t\t<div class=\"elementor-container elementor-column-gap-default\">\n\t\t\t\t\t<div class=\"elementor-column elementor-col-100 elementor-top-column elementor-element elementor-element-f967632\" data-id=\"f967632\" data-element_type=\"column\" data-e-type=\"column\">\n\t\t\t<div class=\"elementor-widget-wrap elementor-element-populated\">\n\t\t\t\t\t\t<div class=\"elementor-element elementor-element-20fa0c7 elementor-widget elementor-widget-heading\" data-id=\"20fa0c7\" data-element_type=\"widget\" data-e-type=\"widget\" data-widget_type=\"heading.default\">\n\t\t\t\t<div class=\"elementor-widget-container\">\n\t\t\t\t\t<h2 class=\"elementor-heading-title elementor-size-default\">Naturpiedra en la Feria internacional de la Piedra Natural<\/h2>\t\t\t\t<\/div>\n\t\t\t\t<\/div>\n\t\t\t\t\t<\/div>\n\t\t<\/div>\n\t\t\t\t\t<\/div>\n\t\t<\/section>\n\t\t\t\t<section class=\"elementor-section elementor-top-section elementor-element elementor-element-087d825 elementor-section-boxed elementor-section-height-default elementor-section-height-default\" data-id=\"087d825\" data-element_type=\"section\" data-e-type=\"section\">\n\t\t\t\t\t\t<div class=\"elementor-container elementor-column-gap-default\">\n\t\t\t\t\t<div class=\"elementor-column elementor-col-100 elementor-top-column elementor-element elementor-element-a0a1ade\" data-id=\"a0a1ade\" data-element_type=\"column\" data-e-type=\"column\">\n\t\t\t<div class=\"elementor-widget-wrap elementor-element-populated\">\n\t\t\t\t\t\t<div class=\"elementor-element elementor-element-b180fe5 elementor-widget elementor-widget-text-editor\" data-id=\"b180fe5\" data-element_type=\"widget\" data-e-type=\"widget\" data-widget_type=\"text-editor.default\">\n\t\t\t\t<div class=\"elementor-widget-container\">\n\t\t\t\t\t\t\t\t\t<p><strong><a href=\"https:\/\/www.marmomac.com\/en\/home-english\/\">Marmomac<\/a><\/strong> es la feria m\u00e1s importante del mundo dedicada a toda la cadena de producci\u00f3n de piedra, desde la cantera hasta el producto procesado, pasando por tecnolog\u00edas, maquinaria y herramientas. Tuvo lugar la semana pasada del 24 al 27 de septiembre 2024 y cont\u00f3 con 1485 expositores de 55 pa\u00edses. Nacida en uno de los principales distritos italianos de extracci\u00f3n y procesamiento de piedra natural, Marmomac es hoy el principal centro internacional de los protagonistas del sector, una plataforma insustituible donde se encuentran el desarrollo empresarial y profesional, convirti\u00e9ndose en un lugar privilegiado para la innovaci\u00f3n y la formaci\u00f3n.<\/p>\t\t\t\t\t\t\t\t<\/div>\n\t\t\t\t<\/div>\n\t\t\t\t\t<\/div>\n\t\t<\/div>\n\t\t\t\t\t<\/div>\n\t\t<\/section>\n\t\t\t\t<section class=\"elementor-section elementor-top-section elementor-element elementor-element-97d7568 elementor-section-boxed elementor-section-height-default elementor-section-height-default\" data-id=\"97d7568\" data-element_type=\"section\" data-e-type=\"section\">\n\t\t\t\t\t\t<div class=\"elementor-container elementor-column-gap-default\">\n\t\t\t\t\t<div class=\"elementor-column elementor-col-50 elementor-top-column elementor-element elementor-element-bddb0ad\" data-id=\"bddb0ad\" data-element_type=\"column\" data-e-type=\"column\">\n\t\t\t<div class=\"elementor-widget-wrap elementor-element-populated\">\n\t\t\t\t\t\t<div class=\"elementor-element elementor-element-04eb678 elementor-widget elementor-widget-heading\" data-id=\"04eb678\" data-element_type=\"widget\" data-e-type=\"widget\" data-widget_type=\"heading.default\">\n\t\t\t\t<div class=\"elementor-widget-container\">\n\t\t\t\t\t<h2 class=\"elementor-heading-title elementor-size-default\">Espacios MARMOMAC<\/h2>\t\t\t\t<\/div>\n\t\t\t\t<\/div>\n\t\t\t\t<div class=\"elementor-element elementor-element-b82ea6c elementor-widget elementor-widget-text-editor\" data-id=\"b82ea6c\" data-element_type=\"widget\" data-e-type=\"widget\" data-widget_type=\"text-editor.default\">\n\t\t\t\t<div class=\"elementor-widget-container\">\n\t\t\t\t\t\t\t\t\t<p><a href=\"https:\/\/www.marmomac.com\/en\/the-plus-theatre-en\/\"><strong><u>THE PLUS THEATRE<\/u><\/strong><\/a><\/p><p>Espacios de exhibici\u00f3n excepcionales dedicados a la arquitectura, el arte y las muestras de dise\u00f1o de interiores. <em>The Plus Theatre<\/em>, cada a\u00f1o, alberga exposiciones centradas en la experimentaci\u00f3n tecnol\u00f3gica con piedra natural.<\/p><p><strong><a href=\"https:\/\/www.marmomac.com\/en\/a-matter-of-stone-en\/\"><u>A MATTER OF STONE<\/u><\/a><\/strong><\/p><p>El nuevo formato para el pabell\u00f3n 1, <em>A Matter of Stone<\/em>, exhibir\u00e1 muebles, superficies, objetos y entornos que abrazan la calidad, belleza y versatilidad de la piedra.<\/p><p>\u00a0<\/p>\t\t\t\t\t\t\t\t<\/div>\n\t\t\t\t<\/div>\n\t\t\t\t\t<\/div>\n\t\t<\/div>\n\t\t\t\t<div class=\"elementor-column elementor-col-50 elementor-top-column elementor-element elementor-element-f57d3d7\" data-id=\"f57d3d7\" data-element_type=\"column\" data-e-type=\"column\">\n\t\t\t<div class=\"elementor-widget-wrap elementor-element-populated\">\n\t\t\t\t\t\t<div class=\"elementor-element elementor-element-b72b990 elementor-widget elementor-widget-image\" data-id=\"b72b990\" data-element_type=\"widget\" data-e-type=\"widget\" data-widget_type=\"image.default\">\n\t\t\t\t<div class=\"elementor-widget-container\">\n\t\t\t\t\t\t\t\t\t\t\t\t\t\t\t<img decoding=\"async\" width=\"465\" height=\"350\" src=\"https:\/\/naturpiedra.com\/es\/wp-content\/uploads\/blog-marmomac-24-naturpiedra1.jpg\" class=\"attachment-large size-large wp-image-69385\" alt=\"STAND JUNTA CASTILLA Y LE\u00d3N MARMOMAC\" srcset=\"https:\/\/naturpiedra.com\/es\/wp-content\/uploads\/blog-marmomac-24-naturpiedra1.jpg 465w, https:\/\/naturpiedra.com\/es\/wp-content\/uploads\/blog-marmomac-24-naturpiedra1-186x140.jpg 186w, https:\/\/naturpiedra.com\/es\/wp-content\/uploads\/blog-marmomac-24-naturpiedra1-399x300.jpg 399w, https:\/\/naturpiedra.com\/es\/wp-content\/uploads\/blog-marmomac-24-naturpiedra1-137x103.jpg 137w, https:\/\/naturpiedra.com\/es\/wp-content\/uploads\/blog-marmomac-24-naturpiedra1-347x261.jpg 347w\" sizes=\"(max-width: 465px) 100vw, 465px\" \/>\t\t\t\t\t\t\t\t\t\t\t\t\t\t\t<\/div>\n\t\t\t\t<\/div>\n\t\t\t\t\t<\/div>\n\t\t<\/div>\n\t\t\t\t\t<\/div>\n\t\t<\/section>\n\t\t\t\t<section class=\"elementor-section elementor-top-section elementor-element elementor-element-02b6e5a elementor-section-boxed elementor-section-height-default elementor-section-height-default\" data-id=\"02b6e5a\" data-element_type=\"section\" data-e-type=\"section\">\n\t\t\t\t\t\t<div class=\"elementor-container elementor-column-gap-default\">\n\t\t\t\t\t<div class=\"elementor-column elementor-col-50 elementor-top-column elementor-element elementor-element-9257538\" data-id=\"9257538\" data-element_type=\"column\" data-e-type=\"column\">\n\t\t\t<div class=\"elementor-widget-wrap elementor-element-populated\">\n\t\t\t\t\t\t<div class=\"elementor-element elementor-element-2ee16e0 elementor-widget elementor-widget-image\" data-id=\"2ee16e0\" data-element_type=\"widget\" data-e-type=\"widget\" data-widget_type=\"image.default\">\n\t\t\t\t<div class=\"elementor-widget-container\">\n\t\t\t\t\t\t\t\t\t\t\t\t\t\t\t<img decoding=\"async\" width=\"580\" height=\"435\" src=\"https:\/\/naturpiedra.com\/es\/wp-content\/uploads\/blog-marmomac-24-naturpiedra4.jpg\" class=\"attachment-full size-full wp-image-69391\" alt=\"stand de naturpiedra en la feria de la piedra natural\" srcset=\"https:\/\/naturpiedra.com\/es\/wp-content\/uploads\/blog-marmomac-24-naturpiedra4.jpg 580w, https:\/\/naturpiedra.com\/es\/wp-content\/uploads\/blog-marmomac-24-naturpiedra4-187x140.jpg 187w, https:\/\/naturpiedra.com\/es\/wp-content\/uploads\/blog-marmomac-24-naturpiedra4-400x300.jpg 400w, https:\/\/naturpiedra.com\/es\/wp-content\/uploads\/blog-marmomac-24-naturpiedra4-137x103.jpg 137w, https:\/\/naturpiedra.com\/es\/wp-content\/uploads\/blog-marmomac-24-naturpiedra4-348x261.jpg 348w\" sizes=\"(max-width: 580px) 100vw, 580px\" \/>\t\t\t\t\t\t\t\t\t\t\t\t\t\t\t<\/div>\n\t\t\t\t<\/div>\n\t\t\t\t\t<\/div>\n\t\t<\/div>\n\t\t\t\t<div class=\"elementor-column elementor-col-50 elementor-top-column elementor-element elementor-element-b8f61db\" data-id=\"b8f61db\" data-element_type=\"column\" data-e-type=\"column\">\n\t\t\t<div class=\"elementor-widget-wrap elementor-element-populated\">\n\t\t\t\t\t\t<div class=\"elementor-element elementor-element-0f82a8a elementor-widget elementor-widget-image\" data-id=\"0f82a8a\" data-element_type=\"widget\" data-e-type=\"widget\" data-widget_type=\"image.default\">\n\t\t\t\t<div class=\"elementor-widget-container\">\n\t\t\t\t\t\t\t\t\t\t\t\t\t\t\t<img loading=\"lazy\" decoding=\"async\" width=\"580\" height=\"435\" src=\"https:\/\/naturpiedra.com\/es\/wp-content\/uploads\/blog-marmomac-24-naturpiedra5.jpg\" class=\"attachment-full size-full wp-image-69392\" alt=\"texturas de filita naturpiedra en marmomac\" srcset=\"https:\/\/naturpiedra.com\/es\/wp-content\/uploads\/blog-marmomac-24-naturpiedra5.jpg 580w, https:\/\/naturpiedra.com\/es\/wp-content\/uploads\/blog-marmomac-24-naturpiedra5-187x140.jpg 187w, https:\/\/naturpiedra.com\/es\/wp-content\/uploads\/blog-marmomac-24-naturpiedra5-400x300.jpg 400w, https:\/\/naturpiedra.com\/es\/wp-content\/uploads\/blog-marmomac-24-naturpiedra5-137x103.jpg 137w, https:\/\/naturpiedra.com\/es\/wp-content\/uploads\/blog-marmomac-24-naturpiedra5-348x261.jpg 348w\" sizes=\"(max-width: 580px) 100vw, 580px\" \/>\t\t\t\t\t\t\t\t\t\t\t\t\t\t\t<\/div>\n\t\t\t\t<\/div>\n\t\t\t\t\t<\/div>\n\t\t<\/div>\n\t\t\t\t\t<\/div>\n\t\t<\/section>\n\t\t\t\t<section class=\"elementor-section elementor-top-section elementor-element elementor-element-71abb95 elementor-section-boxed elementor-section-height-default elementor-section-height-default\" data-id=\"71abb95\" data-element_type=\"section\" data-e-type=\"section\">\n\t\t\t\t\t\t<div class=\"elementor-container elementor-column-gap-default\">\n\t\t\t\t\t<div class=\"elementor-column elementor-col-100 elementor-top-column elementor-element elementor-element-aa9e8bd\" data-id=\"aa9e8bd\" data-element_type=\"column\" data-e-type=\"column\">\n\t\t\t<div class=\"elementor-widget-wrap elementor-element-populated\">\n\t\t\t\t\t\t<div class=\"elementor-element elementor-element-d4e3661 elementor-widget elementor-widget-text-editor\" data-id=\"d4e3661\" data-element_type=\"widget\" data-e-type=\"widget\" data-widget_type=\"text-editor.default\">\n\t\t\t\t<div class=\"elementor-widget-container\">\n\t\t\t\t\t\t\t\t\t<p>Aunque lo m\u00e1s destacable fue que un a\u00f1o m\u00e1s Naturpiedra estuvo presente con un stand renovado, de la mano del <strong><a href=\"https:\/\/www.jcyl.es\/web\/jcyl\/Portada\/es\/Plantilla100Directorio\/1248366924958\/0\/1142233486201\/DirectorioPadre\">ICE (Instituto Competitividad Empresarial) de la Junta de Castilla y Le\u00f3n<\/a><\/strong>, con otras 7 canteras de la regi\u00f3n.<\/p><p>La curiosidad de los numerosos visitantes internacionales giraba entorno a dos importantes avances en relaci\u00f3n con el prestigio y la sostenibilidad de la Filita Gris Naturpiedra, un material que se extrae y elabora en las instalaciones de Naturpiedra en Bernardos, Segovia:<\/p><ul><li>La DAP (<strong><a href=\"https:\/\/naturpiedra.com\/es\/dap-naturpiedra-acredita-su-excelencia-ambiental\/\">Declaraci\u00f3n Ambiental de Producto<\/a><\/strong>), que fue aprobada por AENOR a finales de 2022, certifica que la Filita tiene un impacto ambiental muy reducido a lo largo de su ciclo de vida. Esto la convierte en una opci\u00f3n \u00f3ptima para la construcci\u00f3n sostenible, ayudando a obtener certificaciones como LEED, BREEAM y VERDE.<\/li><li>El reconocimiento de la Filita de Bernardos por parte de la Uni\u00f3n Internacional de Ciencias Geol\u00f3gicas (IUGS) como <a href=\"https:\/\/naturpiedra.com\/es\/filita-de-bernardos-piedra-del-patrimonio-mundial\/\"><strong>Piedra del Patrimonio Mundial<\/strong><\/a>. Esto la posiciona entre un selecto grupo de 22 piedras en todo el mundo, extra\u00eddas de 13 canteras, que son reconocidas por su calidad, historia e importancia socioecon\u00f3mica en su contexto. Adem\u00e1s, este reconocimiento fomenta la conservaci\u00f3n y el mantenimiento de este material en el futuro.<\/li><\/ul>\t\t\t\t\t\t\t\t<\/div>\n\t\t\t\t<\/div>\n\t\t\t\t\t<\/div>\n\t\t<\/div>\n\t\t\t\t\t<\/div>\n\t\t<\/section>\n\t\t\t\t<section class=\"elementor-section elementor-top-section elementor-element elementor-element-3656a14 elementor-section-boxed elementor-section-height-default elementor-section-height-default\" data-id=\"3656a14\" data-element_type=\"section\" data-e-type=\"section\">\n\t\t\t\t\t\t<div class=\"elementor-container elementor-column-gap-default\">\n\t\t\t\t\t<div class=\"elementor-column elementor-col-50 elementor-top-column elementor-element elementor-element-93691a5\" data-id=\"93691a5\" data-element_type=\"column\" data-e-type=\"column\">\n\t\t\t<div class=\"elementor-widget-wrap elementor-element-populated\">\n\t\t\t\t\t\t<div class=\"elementor-element elementor-element-601b278 elementor-widget elementor-widget-image\" data-id=\"601b278\" data-element_type=\"widget\" data-e-type=\"widget\" data-widget_type=\"image.default\">\n\t\t\t\t<div class=\"elementor-widget-container\">\n\t\t\t\t\t\t\t\t\t\t\t\t\t\t\t<img loading=\"lazy\" decoding=\"async\" width=\"580\" height=\"435\" src=\"https:\/\/naturpiedra.com\/es\/wp-content\/uploads\/blog-marmomac-24-naturpiedra3.jpg\" class=\"attachment-full size-full wp-image-69390\" alt=\"presentaci\u00f3n de naturpiedra en marmomac\" srcset=\"https:\/\/naturpiedra.com\/es\/wp-content\/uploads\/blog-marmomac-24-naturpiedra3.jpg 580w, https:\/\/naturpiedra.com\/es\/wp-content\/uploads\/blog-marmomac-24-naturpiedra3-187x140.jpg 187w, https:\/\/naturpiedra.com\/es\/wp-content\/uploads\/blog-marmomac-24-naturpiedra3-400x300.jpg 400w, https:\/\/naturpiedra.com\/es\/wp-content\/uploads\/blog-marmomac-24-naturpiedra3-137x103.jpg 137w, https:\/\/naturpiedra.com\/es\/wp-content\/uploads\/blog-marmomac-24-naturpiedra3-348x261.jpg 348w\" sizes=\"(max-width: 580px) 100vw, 580px\" \/>\t\t\t\t\t\t\t\t\t\t\t\t\t\t\t<\/div>\n\t\t\t\t<\/div>\n\t\t\t\t\t<\/div>\n\t\t<\/div>\n\t\t\t\t<div class=\"elementor-column elementor-col-50 elementor-top-column elementor-element elementor-element-c9bba87\" data-id=\"c9bba87\" data-element_type=\"column\" data-e-type=\"column\">\n\t\t\t<div class=\"elementor-widget-wrap elementor-element-populated\">\n\t\t\t\t\t\t<div class=\"elementor-element elementor-element-0f1e4b4 elementor-widget elementor-widget-image\" data-id=\"0f1e4b4\" data-element_type=\"widget\" data-e-type=\"widget\" data-widget_type=\"image.default\">\n\t\t\t\t<div class=\"elementor-widget-container\">\n\t\t\t\t\t\t\t\t\t\t\t\t\t\t\t<img loading=\"lazy\" decoding=\"async\" width=\"580\" height=\"435\" src=\"https:\/\/naturpiedra.com\/es\/wp-content\/uploads\/blog-marmomac-24-naturpiedra2.jpg\" class=\"attachment-full size-full wp-image-69389\" alt=\"stand feria marmomac naturpiedra\" srcset=\"https:\/\/naturpiedra.com\/es\/wp-content\/uploads\/blog-marmomac-24-naturpiedra2.jpg 580w, https:\/\/naturpiedra.com\/es\/wp-content\/uploads\/blog-marmomac-24-naturpiedra2-187x140.jpg 187w, https:\/\/naturpiedra.com\/es\/wp-content\/uploads\/blog-marmomac-24-naturpiedra2-400x300.jpg 400w, https:\/\/naturpiedra.com\/es\/wp-content\/uploads\/blog-marmomac-24-naturpiedra2-137x103.jpg 137w, https:\/\/naturpiedra.com\/es\/wp-content\/uploads\/blog-marmomac-24-naturpiedra2-348x261.jpg 348w\" sizes=\"(max-width: 580px) 100vw, 580px\" \/>\t\t\t\t\t\t\t\t\t\t\t\t\t\t\t<\/div>\n\t\t\t\t<\/div>\n\t\t\t\t\t<\/div>\n\t\t<\/div>\n\t\t\t\t\t<\/div>\n\t\t<\/section>\n\t\t\t\t<section class=\"elementor-section elementor-top-section elementor-element elementor-element-bbf9a38 elementor-section-boxed elementor-section-height-default elementor-section-height-default\" data-id=\"bbf9a38\" data-element_type=\"section\" data-e-type=\"section\">\n\t\t\t\t\t\t<div class=\"elementor-container elementor-column-gap-default\">\n\t\t\t\t\t<div class=\"elementor-column elementor-col-100 elementor-top-column elementor-element elementor-element-b468073\" data-id=\"b468073\" data-element_type=\"column\" data-e-type=\"column\">\n\t\t\t<div class=\"elementor-widget-wrap elementor-element-populated\">\n\t\t\t\t\t\t<div class=\"elementor-element elementor-element-a2b6255 elementor-widget elementor-widget-text-editor\" data-id=\"a2b6255\" data-element_type=\"widget\" data-e-type=\"widget\" data-widget_type=\"text-editor.default\">\n\t\t\t\t<div class=\"elementor-widget-container\">\n\t\t\t\t\t\t\t\t\t<p>Por otra parte, tuvo mucho \u00e9xito el nuevo acabado que present\u00e1bamos en premisa mundial, la <u>Filita naturpiedra LEATHER<\/u>, que realza el veteado y la estructura interna de la pizarra, volvi\u00e9ndola m\u00e1s oscura que la Filita envejecida, casi negra. Este acabado completa la m\u00e1s amplia gama de acabados en pizarra del mercado: exfoliada, al corte de disco, cepillada, apomazada, flameada, abujardada, arenada, envejecida a tambor.<\/p>\n<p>Para aplicaciones como revestimiento o pavimento, interior y exterior, como soluciones de paisajismo para decorar el <strong><a href=\"https:\/\/naturpiedra.com\/es\/piedra-decoracion-jardin-piscinas\/\">jard\u00edn o la piscina<\/a><\/strong> (bordillos, paso japon\u00e9s, coronaci\u00f3n de piscina, cubremuros, piedra decorativa\u2026), con elaboraciones a medida (platos de ducha, encimeras, lavabos, etc), y por \u00faltimo, como pizarra de cubierta, con formatos, formas y espesores para cualquier proyecto, principalmente en las zonas clim\u00e1ticas m\u00e1s exigentes.<\/p>\n<p>La Filita es una roca metam\u00f3rfica muy exclusiva y rara, y Naturpiedra puede presumir de haber sido la \u00fanica cantera en presentar este material tan noble entre casi 1485&nbsp;&nbsp;expositores en esta edici\u00f3n 2024 de Marmomac.<\/p>\t\t\t\t\t\t\t\t<\/div>\n\t\t\t\t<\/div>\n\t\t\t\t\t<\/div>\n\t\t<\/div>\n\t\t\t\t\t<\/div>\n\t\t<\/section>\n\t\t\t\t<\/div>\n\t\t","protected":false},"excerpt":{"rendered":"<p>Naturpiedra en la Feria internacional de la Piedra Natural Marmomac es la feria m\u00e1s importante del mundo dedicada a toda la cadena de producci\u00f3n de piedra, desde la cantera hasta el producto procesado, pasando por tecnolog\u00edas, maquinaria y herramientas. Tuvo lugar la semana pasada del 24 al 27 de septiembre 2024 y cont\u00f3 con 1485 [&hellip;]<\/p>\n","protected":false},"author":2,"featured_media":69378,"comment_status":"closed","ping_status":"closed","sticky":false,"template":"","format":"standard","meta":{"inline_featured_image":false,"footnotes":""},"categories":[242,249,245],"tags":[],"class_list":["post-69368","post","type-post","status-publish","format-standard","has-post-thumbnail","hentry","category-eventos","category-naturpiedra","category-piedra-natural"],"yoast_head":"<!-- This site is optimized with the Yoast SEO plugin v27.4 - https:\/\/yoast.com\/product\/yoast-seo-wordpress\/ -->\n<title>NATURPIEDRA EN MARMO+MAC 2024 - naturpiedra JBERNARDOS<\/title>\n<meta name=\"robots\" content=\"index, follow, max-snippet:-1, max-image-preview:large, max-video-preview:-1\" \/>\n<link rel=\"canonical\" href=\"https:\/\/naturpiedra.com\/es\/naturpiedra-marmomac\/\" \/>\n<meta property=\"og:locale\" content=\"es_ES\" \/>\n<meta property=\"og:type\" content=\"article\" \/>\n<meta property=\"og:title\" content=\"NATURPIEDRA EN MARMO+MAC 2024 - naturpiedra JBERNARDOS\" \/>\n<meta property=\"og:description\" content=\"Naturpiedra en la Feria internacional de la Piedra Natural Marmomac es la feria m\u00e1s importante del mundo dedicada a toda la cadena de producci\u00f3n de piedra, desde la cantera hasta el producto procesado, pasando por tecnolog\u00edas, maquinaria y herramientas. Tuvo lugar la semana pasada del 24 al 27 de septiembre 2024 y cont\u00f3 con 1485 [&hellip;]\" \/>\n<meta property=\"og:url\" content=\"https:\/\/naturpiedra.com\/es\/naturpiedra-marmomac\/\" \/>\n<meta property=\"og:site_name\" content=\"naturpiedra JBERNARDOS\" \/>\n<meta property=\"article:published_time\" content=\"2024-10-02T07:36:56+00:00\" \/>\n<meta property=\"article:modified_time\" content=\"2024-10-02T08:18:10+00:00\" \/>\n<meta property=\"og:image\" content=\"https:\/\/naturpiedra.com\/es\/wp-content\/uploads\/blog-marmomac-24-naturpiedra.jpg\" \/>\n\t<meta property=\"og:image:width\" content=\"1200\" \/>\n\t<meta property=\"og:image:height\" content=\"400\" \/>\n\t<meta property=\"og:image:type\" content=\"image\/jpeg\" \/>\n<meta name=\"author\" content=\"jbernardos\" \/>\n<meta name=\"twitter:card\" content=\"summary_large_image\" \/>\n<meta name=\"twitter:label1\" content=\"Escrito por\" \/>\n\t<meta name=\"twitter:data1\" content=\"jbernardos\" \/>\n\t<meta name=\"twitter:label2\" content=\"Tiempo de lectura\" \/>\n\t<meta name=\"twitter:data2\" content=\"4 minutos\" \/>\n<script type=\"application\/ld+json\" class=\"yoast-schema-graph\">{\"@context\":\"https:\\\/\\\/schema.org\",\"@graph\":[{\"@type\":\"Article\",\"@id\":\"https:\\\/\\\/naturpiedra.com\\\/es\\\/naturpiedra-marmomac\\\/#article\",\"isPartOf\":{\"@id\":\"https:\\\/\\\/naturpiedra.com\\\/es\\\/naturpiedra-marmomac\\\/\"},\"author\":{\"name\":\"jbernardos\",\"@id\":\"https:\\\/\\\/naturpiedra.com\\\/es\\\/#\\\/schema\\\/person\\\/63a8fc5016b8ac80e3dffdea457daf18\"},\"headline\":\"NATURPIEDRA EN MARMO+MAC 2024\",\"datePublished\":\"2024-10-02T07:36:56+00:00\",\"dateModified\":\"2024-10-02T08:18:10+00:00\",\"mainEntityOfPage\":{\"@id\":\"https:\\\/\\\/naturpiedra.com\\\/es\\\/naturpiedra-marmomac\\\/\"},\"wordCount\":569,\"publisher\":{\"@id\":\"https:\\\/\\\/naturpiedra.com\\\/es\\\/#organization\"},\"image\":{\"@id\":\"https:\\\/\\\/naturpiedra.com\\\/es\\\/naturpiedra-marmomac\\\/#primaryimage\"},\"thumbnailUrl\":\"https:\\\/\\\/naturpiedra.com\\\/es\\\/wp-content\\\/uploads\\\/blog-marmomac-24-naturpiedra.jpg\",\"articleSection\":[\"Eventos\",\"NATURPIEDRA\",\"Piedra Natural\"],\"inLanguage\":\"es\"},{\"@type\":\"WebPage\",\"@id\":\"https:\\\/\\\/naturpiedra.com\\\/es\\\/naturpiedra-marmomac\\\/\",\"url\":\"https:\\\/\\\/naturpiedra.com\\\/es\\\/naturpiedra-marmomac\\\/\",\"name\":\"NATURPIEDRA EN MARMO+MAC 2024 - naturpiedra JBERNARDOS\",\"isPartOf\":{\"@id\":\"https:\\\/\\\/naturpiedra.com\\\/es\\\/#website\"},\"primaryImageOfPage\":{\"@id\":\"https:\\\/\\\/naturpiedra.com\\\/es\\\/naturpiedra-marmomac\\\/#primaryimage\"},\"image\":{\"@id\":\"https:\\\/\\\/naturpiedra.com\\\/es\\\/naturpiedra-marmomac\\\/#primaryimage\"},\"thumbnailUrl\":\"https:\\\/\\\/naturpiedra.com\\\/es\\\/wp-content\\\/uploads\\\/blog-marmomac-24-naturpiedra.jpg\",\"datePublished\":\"2024-10-02T07:36:56+00:00\",\"dateModified\":\"2024-10-02T08:18:10+00:00\",\"breadcrumb\":{\"@id\":\"https:\\\/\\\/naturpiedra.com\\\/es\\\/naturpiedra-marmomac\\\/#breadcrumb\"},\"inLanguage\":\"es\",\"potentialAction\":[{\"@type\":\"ReadAction\",\"target\":[\"https:\\\/\\\/naturpiedra.com\\\/es\\\/naturpiedra-marmomac\\\/\"]}]},{\"@type\":\"ImageObject\",\"inLanguage\":\"es\",\"@id\":\"https:\\\/\\\/naturpiedra.com\\\/es\\\/naturpiedra-marmomac\\\/#primaryimage\",\"url\":\"https:\\\/\\\/naturpiedra.com\\\/es\\\/wp-content\\\/uploads\\\/blog-marmomac-24-naturpiedra.jpg\",\"contentUrl\":\"https:\\\/\\\/naturpiedra.com\\\/es\\\/wp-content\\\/uploads\\\/blog-marmomac-24-naturpiedra.jpg\",\"width\":1200,\"height\":400,\"caption\":\"naturpiedra participante en marmomac 24 feria de la piedra\"},{\"@type\":\"BreadcrumbList\",\"@id\":\"https:\\\/\\\/naturpiedra.com\\\/es\\\/naturpiedra-marmomac\\\/#breadcrumb\",\"itemListElement\":[{\"@type\":\"ListItem\",\"position\":1,\"name\":\"Portada\",\"item\":\"https:\\\/\\\/naturpiedra.com\\\/es\\\/\"},{\"@type\":\"ListItem\",\"position\":2,\"name\":\"NATURPIEDRA EN MARMO+MAC 2024\"}]},{\"@type\":\"WebSite\",\"@id\":\"https:\\\/\\\/naturpiedra.com\\\/es\\\/#website\",\"url\":\"https:\\\/\\\/naturpiedra.com\\\/es\\\/\",\"name\":\"naturpiedra JBERNARDOS\",\"description\":\"| Suministro y Colocaci\u00f3n de Piedra Natural\",\"publisher\":{\"@id\":\"https:\\\/\\\/naturpiedra.com\\\/es\\\/#organization\"},\"potentialAction\":[{\"@type\":\"SearchAction\",\"target\":{\"@type\":\"EntryPoint\",\"urlTemplate\":\"https:\\\/\\\/naturpiedra.com\\\/es\\\/?s={search_term_string}\"},\"query-input\":{\"@type\":\"PropertyValueSpecification\",\"valueRequired\":true,\"valueName\":\"search_term_string\"}}],\"inLanguage\":\"es\"},{\"@type\":\"Organization\",\"@id\":\"https:\\\/\\\/naturpiedra.com\\\/es\\\/#organization\",\"name\":\"naturpiedra JBERNARDOS\",\"url\":\"https:\\\/\\\/naturpiedra.com\\\/es\\\/\",\"logo\":{\"@type\":\"ImageObject\",\"inLanguage\":\"es\",\"@id\":\"https:\\\/\\\/naturpiedra.com\\\/es\\\/#\\\/schema\\\/logo\\\/image\\\/\",\"url\":\"https:\\\/\\\/naturpiedra.com\\\/es\\\/wp-content\\\/uploads\\\/2022\\\/09\\\/logo-naturpiedra.png\",\"contentUrl\":\"https:\\\/\\\/naturpiedra.com\\\/es\\\/wp-content\\\/uploads\\\/2022\\\/09\\\/logo-naturpiedra.png\",\"width\":265,\"height\":50,\"caption\":\"naturpiedra JBERNARDOS\"},\"image\":{\"@id\":\"https:\\\/\\\/naturpiedra.com\\\/es\\\/#\\\/schema\\\/logo\\\/image\\\/\"}},{\"@type\":\"Person\",\"@id\":\"https:\\\/\\\/naturpiedra.com\\\/es\\\/#\\\/schema\\\/person\\\/63a8fc5016b8ac80e3dffdea457daf18\",\"name\":\"jbernardos\",\"image\":{\"@type\":\"ImageObject\",\"inLanguage\":\"es\",\"@id\":\"https:\\\/\\\/naturpiedra.com\\\/es\\\/wp-content\\\/litespeed\\\/avatar\\\/b66fa208a09a8c5eeca2c305154e50bf.jpg?ver=1777072761\",\"url\":\"https:\\\/\\\/naturpiedra.com\\\/es\\\/wp-content\\\/litespeed\\\/avatar\\\/b66fa208a09a8c5eeca2c305154e50bf.jpg?ver=1777072761\",\"contentUrl\":\"https:\\\/\\\/naturpiedra.com\\\/es\\\/wp-content\\\/litespeed\\\/avatar\\\/b66fa208a09a8c5eeca2c305154e50bf.jpg?ver=1777072761\",\"caption\":\"jbernardos\"},\"url\":\"https:\\\/\\\/naturpiedra.com\\\/es\\\/author\\\/jbernardos\\\/\"}]}<\/script>\n<!-- \/ Yoast SEO plugin. -->","yoast_head_json":{"title":"NATURPIEDRA EN MARMO+MAC 2024 - naturpiedra JBERNARDOS","robots":{"index":"index","follow":"follow","max-snippet":"max-snippet:-1","max-image-preview":"max-image-preview:large","max-video-preview":"max-video-preview:-1"},"canonical":"https:\/\/naturpiedra.com\/es\/naturpiedra-marmomac\/","og_locale":"es_ES","og_type":"article","og_title":"NATURPIEDRA EN MARMO+MAC 2024 - naturpiedra JBERNARDOS","og_description":"Naturpiedra en la Feria internacional de la Piedra Natural Marmomac es la feria m\u00e1s importante del mundo dedicada a toda la cadena de producci\u00f3n de piedra, desde la cantera hasta el producto procesado, pasando por tecnolog\u00edas, maquinaria y herramientas. Tuvo lugar la semana pasada del 24 al 27 de septiembre 2024 y cont\u00f3 con 1485 [&hellip;]","og_url":"https:\/\/naturpiedra.com\/es\/naturpiedra-marmomac\/","og_site_name":"naturpiedra JBERNARDOS","article_published_time":"2024-10-02T07:36:56+00:00","article_modified_time":"2024-10-02T08:18:10+00:00","og_image":[{"width":1200,"height":400,"url":"https:\/\/naturpiedra.com\/es\/wp-content\/uploads\/blog-marmomac-24-naturpiedra.jpg","type":"image\/jpeg"}],"author":"jbernardos","twitter_card":"summary_large_image","twitter_misc":{"Escrito por":"jbernardos","Tiempo de lectura":"4 minutos"},"schema":{"@context":"https:\/\/schema.org","@graph":[{"@type":"Article","@id":"https:\/\/naturpiedra.com\/es\/naturpiedra-marmomac\/#article","isPartOf":{"@id":"https:\/\/naturpiedra.com\/es\/naturpiedra-marmomac\/"},"author":{"name":"jbernardos","@id":"https:\/\/naturpiedra.com\/es\/#\/schema\/person\/63a8fc5016b8ac80e3dffdea457daf18"},"headline":"NATURPIEDRA EN MARMO+MAC 2024","datePublished":"2024-10-02T07:36:56+00:00","dateModified":"2024-10-02T08:18:10+00:00","mainEntityOfPage":{"@id":"https:\/\/naturpiedra.com\/es\/naturpiedra-marmomac\/"},"wordCount":569,"publisher":{"@id":"https:\/\/naturpiedra.com\/es\/#organization"},"image":{"@id":"https:\/\/naturpiedra.com\/es\/naturpiedra-marmomac\/#primaryimage"},"thumbnailUrl":"https:\/\/naturpiedra.com\/es\/wp-content\/uploads\/blog-marmomac-24-naturpiedra.jpg","articleSection":["Eventos","NATURPIEDRA","Piedra Natural"],"inLanguage":"es"},{"@type":"WebPage","@id":"https:\/\/naturpiedra.com\/es\/naturpiedra-marmomac\/","url":"https:\/\/naturpiedra.com\/es\/naturpiedra-marmomac\/","name":"NATURPIEDRA EN MARMO+MAC 2024 - naturpiedra JBERNARDOS","isPartOf":{"@id":"https:\/\/naturpiedra.com\/es\/#website"},"primaryImageOfPage":{"@id":"https:\/\/naturpiedra.com\/es\/naturpiedra-marmomac\/#primaryimage"},"image":{"@id":"https:\/\/naturpiedra.com\/es\/naturpiedra-marmomac\/#primaryimage"},"thumbnailUrl":"https:\/\/naturpiedra.com\/es\/wp-content\/uploads\/blog-marmomac-24-naturpiedra.jpg","datePublished":"2024-10-02T07:36:56+00:00","dateModified":"2024-10-02T08:18:10+00:00","breadcrumb":{"@id":"https:\/\/naturpiedra.com\/es\/naturpiedra-marmomac\/#breadcrumb"},"inLanguage":"es","potentialAction":[{"@type":"ReadAction","target":["https:\/\/naturpiedra.com\/es\/naturpiedra-marmomac\/"]}]},{"@type":"ImageObject","inLanguage":"es","@id":"https:\/\/naturpiedra.com\/es\/naturpiedra-marmomac\/#primaryimage","url":"https:\/\/naturpiedra.com\/es\/wp-content\/uploads\/blog-marmomac-24-naturpiedra.jpg","contentUrl":"https:\/\/naturpiedra.com\/es\/wp-content\/uploads\/blog-marmomac-24-naturpiedra.jpg","width":1200,"height":400,"caption":"naturpiedra participante en marmomac 24 feria de la piedra"},{"@type":"BreadcrumbList","@id":"https:\/\/naturpiedra.com\/es\/naturpiedra-marmomac\/#breadcrumb","itemListElement":[{"@type":"ListItem","position":1,"name":"Portada","item":"https:\/\/naturpiedra.com\/es\/"},{"@type":"ListItem","position":2,"name":"NATURPIEDRA EN MARMO+MAC 2024"}]},{"@type":"WebSite","@id":"https:\/\/naturpiedra.com\/es\/#website","url":"https:\/\/naturpiedra.com\/es\/","name":"naturpiedra JBERNARDOS","description":"| Suministro y Colocaci\u00f3n de Piedra Natural","publisher":{"@id":"https:\/\/naturpiedra.com\/es\/#organization"},"potentialAction":[{"@type":"SearchAction","target":{"@type":"EntryPoint","urlTemplate":"https:\/\/naturpiedra.com\/es\/?s={search_term_string}"},"query-input":{"@type":"PropertyValueSpecification","valueRequired":true,"valueName":"search_term_string"}}],"inLanguage":"es"},{"@type":"Organization","@id":"https:\/\/naturpiedra.com\/es\/#organization","name":"naturpiedra JBERNARDOS","url":"https:\/\/naturpiedra.com\/es\/","logo":{"@type":"ImageObject","inLanguage":"es","@id":"https:\/\/naturpiedra.com\/es\/#\/schema\/logo\/image\/","url":"https:\/\/naturpiedra.com\/es\/wp-content\/uploads\/2022\/09\/logo-naturpiedra.png","contentUrl":"https:\/\/naturpiedra.com\/es\/wp-content\/uploads\/2022\/09\/logo-naturpiedra.png","width":265,"height":50,"caption":"naturpiedra JBERNARDOS"},"image":{"@id":"https:\/\/naturpiedra.com\/es\/#\/schema\/logo\/image\/"}},{"@type":"Person","@id":"https:\/\/naturpiedra.com\/es\/#\/schema\/person\/63a8fc5016b8ac80e3dffdea457daf18","name":"jbernardos","image":{"@type":"ImageObject","inLanguage":"es","@id":"https:\/\/naturpiedra.com\/es\/wp-content\/litespeed\/avatar\/b66fa208a09a8c5eeca2c305154e50bf.jpg?ver=1777072761","url":"https:\/\/naturpiedra.com\/es\/wp-content\/litespeed\/avatar\/b66fa208a09a8c5eeca2c305154e50bf.jpg?ver=1777072761","contentUrl":"https:\/\/naturpiedra.com\/es\/wp-content\/litespeed\/avatar\/b66fa208a09a8c5eeca2c305154e50bf.jpg?ver=1777072761","caption":"jbernardos"},"url":"https:\/\/naturpiedra.com\/es\/author\/jbernardos\/"}]}},"lang":"es","translations":{"es":69368},"pll_sync_post":[],"_links":{"self":[{"href":"https:\/\/naturpiedra.com\/es\/wp-json\/wp\/v2\/posts\/69368","targetHints":{"allow":["GET"]}}],"collection":[{"href":"https:\/\/naturpiedra.com\/es\/wp-json\/wp\/v2\/posts"}],"about":[{"href":"https:\/\/naturpiedra.com\/es\/wp-json\/wp\/v2\/types\/post"}],"author":[{"embeddable":true,"href":"https:\/\/naturpiedra.com\/es\/wp-json\/wp\/v2\/users\/2"}],"replies":[{"embeddable":true,"href":"https:\/\/naturpiedra.com\/es\/wp-json\/wp\/v2\/comments?post=69368"}],"version-history":[{"count":24,"href":"https:\/\/naturpiedra.com\/es\/wp-json\/wp\/v2\/posts\/69368\/revisions"}],"predecessor-version":[{"id":69400,"href":"https:\/\/naturpiedra.com\/es\/wp-json\/wp\/v2\/posts\/69368\/revisions\/69400"}],"wp:featuredmedia":[{"embeddable":true,"href":"https:\/\/naturpiedra.com\/es\/wp-json\/wp\/v2\/media\/69378"}],"wp:attachment":[{"href":"https:\/\/naturpiedra.com\/es\/wp-json\/wp\/v2\/media?parent=69368"}],"wp:term":[{"taxonomy":"category","embeddable":true,"href":"https:\/\/naturpiedra.com\/es\/wp-json\/wp\/v2\/categories?post=69368"},{"taxonomy":"post_tag","embeddable":true,"href":"https:\/\/naturpiedra.com\/es\/wp-json\/wp\/v2\/tags?post=69368"}],"curies":[{"name":"wp","href":"https:\/\/api.w.org\/{rel}","templated":true}]}}