{"id":54154,"date":"2022-10-09T22:22:44","date_gmt":"2022-10-09T22:22:44","guid":{"rendered":"https:\/\/naturpiedra.com\/es\/naturpiedra-en-marmomac-2022\/"},"modified":"2024-02-23T21:04:50","modified_gmt":"2024-02-23T21:04:50","slug":"naturpiedra-en-marmomac-2022","status":"publish","type":"post","link":"https:\/\/naturpiedra.com\/es\/naturpiedra-en-marmomac-2022\/","title":{"rendered":"NATURPIEDRA EN MARMOMAC 2022"},"content":{"rendered":"<p style=\"text-align: justify;\">Nuevamente Naturpiedra asisti\u00f3 a la feria referente de la industria de la piedra natural, <strong><a href=\"https:\/\/www.marmomac.com\/\" target=\"_blank\" rel=\"noopener noreferrer\">MarmoMac.<\/a> <\/strong>Tras el par\u00e9ntesis debido a la incidencia de la pandemia de Covid 19, en que no se celebr\u00f3 esta feria internacional anual,\u00a0 considerada la de mayor importancia y prestigio en el sector de la industria de la piedra natural. El evento que se celebr\u00f3 del 27 al 30 de septiembre de 2022, en Verona, Italia.<\/p>\n<p><img fetchpriority=\"high\" decoding=\"async\" class=\"aligncenter size-full wp-image-11100\" src=\"https:\/\/naturpiedra.com\/es\/wp-content\/uploads\/blog-marmomac-naturpiedra.jpg\" alt=\"Stand naturpiedra en marmomac\" width=\"900\" height=\"300\" \/><\/p>\n<p style=\"text-align: justify;\">Naturpiedra exhibi\u00f3 los productos elaborados desde su f\u00e1brica y cantera de Bernardos, Segovia; de la mano del <strong><a href=\"http:\/\/@empresasjcyl\">Instituto para la Competitividad Empresarial de la Junta de Castilla y Le\u00f3n<\/a><\/strong>, para promocionar la piedra natural de esta comunidad en los mercados exteriores, a trav\u00e9s de la asociaci\u00f3n de la piedra natural de Castilla y Le\u00f3n, Pinacal, dentro de este stand (F1 Hall 12).<\/p>\n<h5 style=\"text-align: justify;\">Naturpiedra mostraba sus materiales:<\/h5>\n<p><img decoding=\"async\" class=\"aligncenter size-full wp-image-11101\" src=\"https:\/\/naturpiedra.com\/es\/wp-content\/uploads\/blog-marmomac-naturpiedra1.jpg\" alt=\"presentaci\u00f3n productos naturpiedra departamento comercial\" width=\"900\" height=\"300\" \/><\/p>\n<ul style=\"text-align: justify;\">\n<li><strong><a href=\"https:\/\/naturpiedra.com\/es\/productos\/filita-gris-jbernardos-textura-natural\/\" target=\"_blank\" rel=\"noopener noreferrer\">Filita Gris Jbernardos, textura natural<\/a><\/strong><\/li>\n<li><strong><a href=\"https:\/\/naturpiedra.com\/es\/productos\/filita-gris-envejecida-jbernardos\/\" target=\"_blank\" rel=\"noopener noreferrer\">Filita Gris Jbernardos, envejecida<\/a><\/strong><\/li>\n<li><strong><a href=\"https:\/\/naturpiedra.com\/es\/productos\/filita-gris-jbernardos-arenada\/\" target=\"_blank\" rel=\"noopener noreferrer\">Filita Gris Jbernardos, arenada<\/a><\/strong><\/li>\n<li><strong><a href=\"https:\/\/naturpiedra.com\/es\/productos\/cuarcita-jbernardos\/\" target=\"_blank\" rel=\"noopener noreferrer\">Cuarcita cobre Jbernardos<\/a><\/strong><\/li>\n<\/ul>\n<p><img decoding=\"async\" class=\"aligncenter size-full wp-image-11105\" src=\"https:\/\/naturpiedra.com\/es\/wp-content\/uploads\/blog-marmomac-naturpiedra3.jpg\" alt=\"filita gris jbernardos acabado natural y envejecido\" width=\"900\" height=\"300\" \/><\/p>\n<p><img loading=\"lazy\" decoding=\"async\" class=\"aligncenter size-full wp-image-11104\" src=\"https:\/\/naturpiedra.com\/es\/wp-content\/uploads\/blog-marmomac-naturpiedra4.jpg\" alt=\"productos naturpiedra strips cuarcita y filita arenada\" width=\"900\" height=\"300\" \/><\/p>\n<p style=\"text-align: justify;\">Materiales de gran \u00e9xito en el mercado internacional, principalmente europeo, que ya gozan de gran prestigio entre profesionales del sector. No por ello, dejando de presentar novedades e innovaciones sobre dichos materiales. Como por ejemplo los acabados tipo Strips en Cuarcita Cobre o la Filita Gris Jbernardos en acabado Arenado, que ya ha abierto un camino en el exigente mercado europeo.<\/p>\n<p style=\"text-align: justify;\">Una cita imprescindible para el profesional del sector, desde la prospecci\u00f3n de canteras a la puesta en disposici\u00f3n de los materiales en los muy diversos usos que estos ofrecen a la arquitectura y construcci\u00f3n.<\/p>\n<p style=\"text-align: justify;\"><strong><a href=\"https:\/\/www.marmomac.com\/\" target=\"_blank\" rel=\"noopener noreferrer\">MarmoMac<\/a><\/strong> es el evento mundial que representa toda la cadena de suministro de la piedra natural:<\/p>\n<p>&nbsp;<\/p>\n<p><img loading=\"lazy\" decoding=\"async\" class=\"aligncenter size-full wp-image-11098\" src=\"https:\/\/naturpiedra.com\/es\/wp-content\/uploads\/blog-marmomac-naturpiedra6.jpg\" alt=\"piezas especiales marmomac piedra natural\" width=\"900\" height=\"300\" \/><\/p>\n<p>Empezando por la materia prima y los productos semielaborados y\/\u00f3 terminados. Con variedades de todo el mundo en m\u00e1rmol, granito, arenisca, caliza, pizarra, cuarcita, travertino, basalto\u2026 En diferentes formatos como pueden ser bloques en bruto a materiales elaborados, con todo tipo de terminaciones, listo para la colocaci\u00f3n en obra.<\/p>\n<p>Maquinaria y tecnolog\u00edas m\u00e1s avanzadas de procesamiento, corte y acabados de piedra natural e industrias complementarias (tratamiento de piedra, adhesivos, etc.)<\/p>\n<p>Aplicaciones de la piedra natural en la arquitectura y el dise\u00f1o, con novedosas propuestas de los arquitectos y prescriptores de mayor prestigio.<\/p>\n<p>&nbsp;<\/p>\n","protected":false},"excerpt":{"rendered":"<p>Nuevamente Naturpiedra asisti\u00f3 a la feria referente de la industria de la piedra natural, MarmoMac. Tras el par\u00e9ntesis debido a la incidencia de la pandemia de Covid 19, en que no se celebr\u00f3 esta feria internacional anual,\u00a0 considerada la de mayor importancia y prestigio en el sector de la industria de la piedra natural. El [&hellip;]<\/p>\n","protected":false},"author":2,"featured_media":54517,"comment_status":"closed","ping_status":"closed","sticky":false,"template":"","format":"standard","meta":{"inline_featured_image":false,"footnotes":""},"categories":[242,249,245],"tags":[],"class_list":["post-54154","post","type-post","status-publish","format-standard","has-post-thumbnail","hentry","category-eventos","category-naturpiedra","category-piedra-natural"],"yoast_head":"<!-- This site is optimized with the Yoast SEO plugin v27.4 - https:\/\/yoast.com\/product\/yoast-seo-wordpress\/ -->\n<title>NATURPIEDRA EN MARMOMAC 2022 - naturpiedra JBERNARDOS<\/title>\n<meta name=\"robots\" content=\"index, follow, max-snippet:-1, max-image-preview:large, max-video-preview:-1\" \/>\n<link rel=\"canonical\" href=\"https:\/\/naturpiedra.com\/es\/naturpiedra-en-marmomac-2022\/\" \/>\n<meta property=\"og:locale\" content=\"es_ES\" \/>\n<meta property=\"og:type\" content=\"article\" \/>\n<meta property=\"og:title\" content=\"NATURPIEDRA EN MARMOMAC 2022 - naturpiedra JBERNARDOS\" \/>\n<meta property=\"og:description\" content=\"Nuevamente Naturpiedra asisti\u00f3 a la feria referente de la industria de la piedra natural, MarmoMac. Tras el par\u00e9ntesis debido a la incidencia de la pandemia de Covid 19, en que no se celebr\u00f3 esta feria internacional anual,\u00a0 considerada la de mayor importancia y prestigio en el sector de la industria de la piedra natural. El [&hellip;]\" \/>\n<meta property=\"og:url\" content=\"https:\/\/naturpiedra.com\/es\/naturpiedra-en-marmomac-2022\/\" \/>\n<meta property=\"og:site_name\" content=\"naturpiedra JBERNARDOS\" \/>\n<meta property=\"article:published_time\" content=\"2022-10-09T22:22:44+00:00\" \/>\n<meta property=\"article:modified_time\" content=\"2024-02-23T21:04:50+00:00\" \/>\n<meta property=\"og:image\" content=\"https:\/\/naturpiedra.com\/es\/wp-content\/uploads\/blog-marmomac-naturpiedra-1-1.jpg\" \/>\n\t<meta property=\"og:image:width\" content=\"900\" \/>\n\t<meta property=\"og:image:height\" content=\"300\" \/>\n\t<meta property=\"og:image:type\" content=\"image\/jpeg\" \/>\n<meta name=\"author\" content=\"jbernardos\" \/>\n<meta name=\"twitter:card\" content=\"summary_large_image\" \/>\n<meta name=\"twitter:label1\" content=\"Escrito por\" \/>\n\t<meta name=\"twitter:data1\" content=\"jbernardos\" \/>\n\t<meta name=\"twitter:label2\" content=\"Tiempo de lectura\" \/>\n\t<meta name=\"twitter:data2\" content=\"2 minutos\" \/>\n<script type=\"application\/ld+json\" class=\"yoast-schema-graph\">{\"@context\":\"https:\\\/\\\/schema.org\",\"@graph\":[{\"@type\":\"Article\",\"@id\":\"https:\\\/\\\/naturpiedra.com\\\/es\\\/naturpiedra-en-marmomac-2022\\\/#article\",\"isPartOf\":{\"@id\":\"https:\\\/\\\/naturpiedra.com\\\/es\\\/naturpiedra-en-marmomac-2022\\\/\"},\"author\":{\"name\":\"jbernardos\",\"@id\":\"https:\\\/\\\/naturpiedra.com\\\/es\\\/#\\\/schema\\\/person\\\/63a8fc5016b8ac80e3dffdea457daf18\"},\"headline\":\"NATURPIEDRA EN MARMOMAC 2022\",\"datePublished\":\"2022-10-09T22:22:44+00:00\",\"dateModified\":\"2024-02-23T21:04:50+00:00\",\"mainEntityOfPage\":{\"@id\":\"https:\\\/\\\/naturpiedra.com\\\/es\\\/naturpiedra-en-marmomac-2022\\\/\"},\"wordCount\":369,\"publisher\":{\"@id\":\"https:\\\/\\\/naturpiedra.com\\\/es\\\/#organization\"},\"image\":{\"@id\":\"https:\\\/\\\/naturpiedra.com\\\/es\\\/naturpiedra-en-marmomac-2022\\\/#primaryimage\"},\"thumbnailUrl\":\"https:\\\/\\\/naturpiedra.com\\\/es\\\/wp-content\\\/uploads\\\/blog-marmomac-naturpiedra-1-1.jpg\",\"articleSection\":[\"Eventos\",\"NATURPIEDRA\",\"Piedra Natural\"],\"inLanguage\":\"es\"},{\"@type\":\"WebPage\",\"@id\":\"https:\\\/\\\/naturpiedra.com\\\/es\\\/naturpiedra-en-marmomac-2022\\\/\",\"url\":\"https:\\\/\\\/naturpiedra.com\\\/es\\\/naturpiedra-en-marmomac-2022\\\/\",\"name\":\"NATURPIEDRA EN MARMOMAC 2022 - naturpiedra JBERNARDOS\",\"isPartOf\":{\"@id\":\"https:\\\/\\\/naturpiedra.com\\\/es\\\/#website\"},\"primaryImageOfPage\":{\"@id\":\"https:\\\/\\\/naturpiedra.com\\\/es\\\/naturpiedra-en-marmomac-2022\\\/#primaryimage\"},\"image\":{\"@id\":\"https:\\\/\\\/naturpiedra.com\\\/es\\\/naturpiedra-en-marmomac-2022\\\/#primaryimage\"},\"thumbnailUrl\":\"https:\\\/\\\/naturpiedra.com\\\/es\\\/wp-content\\\/uploads\\\/blog-marmomac-naturpiedra-1-1.jpg\",\"datePublished\":\"2022-10-09T22:22:44+00:00\",\"dateModified\":\"2024-02-23T21:04:50+00:00\",\"breadcrumb\":{\"@id\":\"https:\\\/\\\/naturpiedra.com\\\/es\\\/naturpiedra-en-marmomac-2022\\\/#breadcrumb\"},\"inLanguage\":\"es\",\"potentialAction\":[{\"@type\":\"ReadAction\",\"target\":[\"https:\\\/\\\/naturpiedra.com\\\/es\\\/naturpiedra-en-marmomac-2022\\\/\"]}]},{\"@type\":\"ImageObject\",\"inLanguage\":\"es\",\"@id\":\"https:\\\/\\\/naturpiedra.com\\\/es\\\/naturpiedra-en-marmomac-2022\\\/#primaryimage\",\"url\":\"https:\\\/\\\/naturpiedra.com\\\/es\\\/wp-content\\\/uploads\\\/blog-marmomac-naturpiedra-1-1.jpg\",\"contentUrl\":\"https:\\\/\\\/naturpiedra.com\\\/es\\\/wp-content\\\/uploads\\\/blog-marmomac-naturpiedra-1-1.jpg\",\"width\":900,\"height\":300},{\"@type\":\"BreadcrumbList\",\"@id\":\"https:\\\/\\\/naturpiedra.com\\\/es\\\/naturpiedra-en-marmomac-2022\\\/#breadcrumb\",\"itemListElement\":[{\"@type\":\"ListItem\",\"position\":1,\"name\":\"Portada\",\"item\":\"https:\\\/\\\/naturpiedra.com\\\/es\\\/\"},{\"@type\":\"ListItem\",\"position\":2,\"name\":\"NATURPIEDRA EN MARMOMAC 2022\"}]},{\"@type\":\"WebSite\",\"@id\":\"https:\\\/\\\/naturpiedra.com\\\/es\\\/#website\",\"url\":\"https:\\\/\\\/naturpiedra.com\\\/es\\\/\",\"name\":\"naturpiedra JBERNARDOS\",\"description\":\"| Suministro y Colocaci\u00f3n de Piedra Natural\",\"publisher\":{\"@id\":\"https:\\\/\\\/naturpiedra.com\\\/es\\\/#organization\"},\"potentialAction\":[{\"@type\":\"SearchAction\",\"target\":{\"@type\":\"EntryPoint\",\"urlTemplate\":\"https:\\\/\\\/naturpiedra.com\\\/es\\\/?s={search_term_string}\"},\"query-input\":{\"@type\":\"PropertyValueSpecification\",\"valueRequired\":true,\"valueName\":\"search_term_string\"}}],\"inLanguage\":\"es\"},{\"@type\":\"Organization\",\"@id\":\"https:\\\/\\\/naturpiedra.com\\\/es\\\/#organization\",\"name\":\"naturpiedra JBERNARDOS\",\"url\":\"https:\\\/\\\/naturpiedra.com\\\/es\\\/\",\"logo\":{\"@type\":\"ImageObject\",\"inLanguage\":\"es\",\"@id\":\"https:\\\/\\\/naturpiedra.com\\\/es\\\/#\\\/schema\\\/logo\\\/image\\\/\",\"url\":\"https:\\\/\\\/naturpiedra.com\\\/es\\\/wp-content\\\/uploads\\\/2022\\\/09\\\/logo-naturpiedra.png\",\"contentUrl\":\"https:\\\/\\\/naturpiedra.com\\\/es\\\/wp-content\\\/uploads\\\/2022\\\/09\\\/logo-naturpiedra.png\",\"width\":265,\"height\":50,\"caption\":\"naturpiedra JBERNARDOS\"},\"image\":{\"@id\":\"https:\\\/\\\/naturpiedra.com\\\/es\\\/#\\\/schema\\\/logo\\\/image\\\/\"}},{\"@type\":\"Person\",\"@id\":\"https:\\\/\\\/naturpiedra.com\\\/es\\\/#\\\/schema\\\/person\\\/63a8fc5016b8ac80e3dffdea457daf18\",\"name\":\"jbernardos\",\"image\":{\"@type\":\"ImageObject\",\"inLanguage\":\"es\",\"@id\":\"https:\\\/\\\/naturpiedra.com\\\/es\\\/wp-content\\\/litespeed\\\/avatar\\\/b66fa208a09a8c5eeca2c305154e50bf.jpg?ver=1777072761\",\"url\":\"https:\\\/\\\/naturpiedra.com\\\/es\\\/wp-content\\\/litespeed\\\/avatar\\\/b66fa208a09a8c5eeca2c305154e50bf.jpg?ver=1777072761\",\"contentUrl\":\"https:\\\/\\\/naturpiedra.com\\\/es\\\/wp-content\\\/litespeed\\\/avatar\\\/b66fa208a09a8c5eeca2c305154e50bf.jpg?ver=1777072761\",\"caption\":\"jbernardos\"},\"url\":\"https:\\\/\\\/naturpiedra.com\\\/es\\\/author\\\/jbernardos\\\/\"}]}<\/script>\n<!-- \/ Yoast SEO plugin. -->","yoast_head_json":{"title":"NATURPIEDRA EN MARMOMAC 2022 - naturpiedra JBERNARDOS","robots":{"index":"index","follow":"follow","max-snippet":"max-snippet:-1","max-image-preview":"max-image-preview:large","max-video-preview":"max-video-preview:-1"},"canonical":"https:\/\/naturpiedra.com\/es\/naturpiedra-en-marmomac-2022\/","og_locale":"es_ES","og_type":"article","og_title":"NATURPIEDRA EN MARMOMAC 2022 - naturpiedra JBERNARDOS","og_description":"Nuevamente Naturpiedra asisti\u00f3 a la feria referente de la industria de la piedra natural, MarmoMac. Tras el par\u00e9ntesis debido a la incidencia de la pandemia de Covid 19, en que no se celebr\u00f3 esta feria internacional anual,\u00a0 considerada la de mayor importancia y prestigio en el sector de la industria de la piedra natural. El [&hellip;]","og_url":"https:\/\/naturpiedra.com\/es\/naturpiedra-en-marmomac-2022\/","og_site_name":"naturpiedra JBERNARDOS","article_published_time":"2022-10-09T22:22:44+00:00","article_modified_time":"2024-02-23T21:04:50+00:00","og_image":[{"width":900,"height":300,"url":"https:\/\/naturpiedra.com\/es\/wp-content\/uploads\/blog-marmomac-naturpiedra-1-1.jpg","type":"image\/jpeg"}],"author":"jbernardos","twitter_card":"summary_large_image","twitter_misc":{"Escrito por":"jbernardos","Tiempo de lectura":"2 minutos"},"schema":{"@context":"https:\/\/schema.org","@graph":[{"@type":"Article","@id":"https:\/\/naturpiedra.com\/es\/naturpiedra-en-marmomac-2022\/#article","isPartOf":{"@id":"https:\/\/naturpiedra.com\/es\/naturpiedra-en-marmomac-2022\/"},"author":{"name":"jbernardos","@id":"https:\/\/naturpiedra.com\/es\/#\/schema\/person\/63a8fc5016b8ac80e3dffdea457daf18"},"headline":"NATURPIEDRA EN MARMOMAC 2022","datePublished":"2022-10-09T22:22:44+00:00","dateModified":"2024-02-23T21:04:50+00:00","mainEntityOfPage":{"@id":"https:\/\/naturpiedra.com\/es\/naturpiedra-en-marmomac-2022\/"},"wordCount":369,"publisher":{"@id":"https:\/\/naturpiedra.com\/es\/#organization"},"image":{"@id":"https:\/\/naturpiedra.com\/es\/naturpiedra-en-marmomac-2022\/#primaryimage"},"thumbnailUrl":"https:\/\/naturpiedra.com\/es\/wp-content\/uploads\/blog-marmomac-naturpiedra-1-1.jpg","articleSection":["Eventos","NATURPIEDRA","Piedra Natural"],"inLanguage":"es"},{"@type":"WebPage","@id":"https:\/\/naturpiedra.com\/es\/naturpiedra-en-marmomac-2022\/","url":"https:\/\/naturpiedra.com\/es\/naturpiedra-en-marmomac-2022\/","name":"NATURPIEDRA EN MARMOMAC 2022 - naturpiedra JBERNARDOS","isPartOf":{"@id":"https:\/\/naturpiedra.com\/es\/#website"},"primaryImageOfPage":{"@id":"https:\/\/naturpiedra.com\/es\/naturpiedra-en-marmomac-2022\/#primaryimage"},"image":{"@id":"https:\/\/naturpiedra.com\/es\/naturpiedra-en-marmomac-2022\/#primaryimage"},"thumbnailUrl":"https:\/\/naturpiedra.com\/es\/wp-content\/uploads\/blog-marmomac-naturpiedra-1-1.jpg","datePublished":"2022-10-09T22:22:44+00:00","dateModified":"2024-02-23T21:04:50+00:00","breadcrumb":{"@id":"https:\/\/naturpiedra.com\/es\/naturpiedra-en-marmomac-2022\/#breadcrumb"},"inLanguage":"es","potentialAction":[{"@type":"ReadAction","target":["https:\/\/naturpiedra.com\/es\/naturpiedra-en-marmomac-2022\/"]}]},{"@type":"ImageObject","inLanguage":"es","@id":"https:\/\/naturpiedra.com\/es\/naturpiedra-en-marmomac-2022\/#primaryimage","url":"https:\/\/naturpiedra.com\/es\/wp-content\/uploads\/blog-marmomac-naturpiedra-1-1.jpg","contentUrl":"https:\/\/naturpiedra.com\/es\/wp-content\/uploads\/blog-marmomac-naturpiedra-1-1.jpg","width":900,"height":300},{"@type":"BreadcrumbList","@id":"https:\/\/naturpiedra.com\/es\/naturpiedra-en-marmomac-2022\/#breadcrumb","itemListElement":[{"@type":"ListItem","position":1,"name":"Portada","item":"https:\/\/naturpiedra.com\/es\/"},{"@type":"ListItem","position":2,"name":"NATURPIEDRA EN MARMOMAC 2022"}]},{"@type":"WebSite","@id":"https:\/\/naturpiedra.com\/es\/#website","url":"https:\/\/naturpiedra.com\/es\/","name":"naturpiedra JBERNARDOS","description":"| Suministro y Colocaci\u00f3n de Piedra Natural","publisher":{"@id":"https:\/\/naturpiedra.com\/es\/#organization"},"potentialAction":[{"@type":"SearchAction","target":{"@type":"EntryPoint","urlTemplate":"https:\/\/naturpiedra.com\/es\/?s={search_term_string}"},"query-input":{"@type":"PropertyValueSpecification","valueRequired":true,"valueName":"search_term_string"}}],"inLanguage":"es"},{"@type":"Organization","@id":"https:\/\/naturpiedra.com\/es\/#organization","name":"naturpiedra JBERNARDOS","url":"https:\/\/naturpiedra.com\/es\/","logo":{"@type":"ImageObject","inLanguage":"es","@id":"https:\/\/naturpiedra.com\/es\/#\/schema\/logo\/image\/","url":"https:\/\/naturpiedra.com\/es\/wp-content\/uploads\/2022\/09\/logo-naturpiedra.png","contentUrl":"https:\/\/naturpiedra.com\/es\/wp-content\/uploads\/2022\/09\/logo-naturpiedra.png","width":265,"height":50,"caption":"naturpiedra JBERNARDOS"},"image":{"@id":"https:\/\/naturpiedra.com\/es\/#\/schema\/logo\/image\/"}},{"@type":"Person","@id":"https:\/\/naturpiedra.com\/es\/#\/schema\/person\/63a8fc5016b8ac80e3dffdea457daf18","name":"jbernardos","image":{"@type":"ImageObject","inLanguage":"es","@id":"https:\/\/naturpiedra.com\/es\/wp-content\/litespeed\/avatar\/b66fa208a09a8c5eeca2c305154e50bf.jpg?ver=1777072761","url":"https:\/\/naturpiedra.com\/es\/wp-content\/litespeed\/avatar\/b66fa208a09a8c5eeca2c305154e50bf.jpg?ver=1777072761","contentUrl":"https:\/\/naturpiedra.com\/es\/wp-content\/litespeed\/avatar\/b66fa208a09a8c5eeca2c305154e50bf.jpg?ver=1777072761","caption":"jbernardos"},"url":"https:\/\/naturpiedra.com\/es\/author\/jbernardos\/"}]}},"lang":"es","translations":{"es":54154},"pll_sync_post":[],"_links":{"self":[{"href":"https:\/\/naturpiedra.com\/es\/wp-json\/wp\/v2\/posts\/54154","targetHints":{"allow":["GET"]}}],"collection":[{"href":"https:\/\/naturpiedra.com\/es\/wp-json\/wp\/v2\/posts"}],"about":[{"href":"https:\/\/naturpiedra.com\/es\/wp-json\/wp\/v2\/types\/post"}],"author":[{"embeddable":true,"href":"https:\/\/naturpiedra.com\/es\/wp-json\/wp\/v2\/users\/2"}],"replies":[{"embeddable":true,"href":"https:\/\/naturpiedra.com\/es\/wp-json\/wp\/v2\/comments?post=54154"}],"version-history":[{"count":1,"href":"https:\/\/naturpiedra.com\/es\/wp-json\/wp\/v2\/posts\/54154\/revisions"}],"predecessor-version":[{"id":66036,"href":"https:\/\/naturpiedra.com\/es\/wp-json\/wp\/v2\/posts\/54154\/revisions\/66036"}],"wp:featuredmedia":[{"embeddable":true,"href":"https:\/\/naturpiedra.com\/es\/wp-json\/wp\/v2\/media\/54517"}],"wp:attachment":[{"href":"https:\/\/naturpiedra.com\/es\/wp-json\/wp\/v2\/media?parent=54154"}],"wp:term":[{"taxonomy":"category","embeddable":true,"href":"https:\/\/naturpiedra.com\/es\/wp-json\/wp\/v2\/categories?post=54154"},{"taxonomy":"post_tag","embeddable":true,"href":"https:\/\/naturpiedra.com\/es\/wp-json\/wp\/v2\/tags?post=54154"}],"curies":[{"name":"wp","href":"https:\/\/api.w.org\/{rel}","templated":true}]}}